{"id":1365,"date":"2020-05-06T12:30:23","date_gmt":"2020-05-06T10:30:23","guid":{"rendered":"http:\/\/p7.edu.gdynia.pl\/?p=1365"},"modified":"2020-05-25T15:37:44","modified_gmt":"2020-05-25T13:37:44","slug":"zarzadzenie-dyrektora-w-sprawie-czasowego-zawieszenia-zajec-w-przedszkolu-nr-7-bursztynowa-siodemka","status":"publish","type":"post","link":"https:\/\/p7gdynia.pl\/?p=1365","title":{"rendered":"Zarz\u0105dzenie dyrektora w sprawie czasowego zawieszenia zaj\u0119\u0107 w Przedszkolu nr 7  \u201eBursztynowa Si\u00f3demka\u201d"},"content":{"rendered":"\n<p style=\"text-align:center\"><strong>Zarz\u0105dzenie 28 \/ 2020<br> Dyrektora  Przedszkola nr 7 \u201eBursztynowa Si\u00f3demka\u201d<br> z dnia 05.05.2020r<br> w sprawie czasowego zawieszenia zaj\u0119\u0107 w Przedszkolu nr 7  \u201eBursztynowa Si\u00f3demka\u201d <br> w Gdyni <br> w zwi\u0105zku z zapobieganiem, przeciwdzia\u0142aniem i zwalczaniem COVID-19<\/strong><br> Na podstawie \u00a7 18 ust. 2 pkt 2 rozporz\u0105dzenia Ministra Edukacji Narodowej i Sportu <br> z dnia 31 grudnia 2002 r. w sprawie bezpiecze\u0144stwa i higieny w publicznych i niepublicznych szko\u0142ach i plac\u00f3wkach (Dz. U. z 2003 r., Nr 6, poz. 69 z p\u00f3\u017an. zm.), \u00a7 4b pkt 1 rozporz\u0105dzenia Ministra Edukacji Narodowej z dnia 11 marca 2020 r. w sprawie czasowego ograniczenia funkcjonowania jednostek systemu o\u015bwiaty w zwi\u0105zku z zapobieganiem, przeciwdzia\u0142aniem <br> i zwalczaniem COVID-19 (Dz. U. poz. 410), \u00a7 14 rozporz\u0105dzenia Ministra Edukacji Narodowej z dnia 20 marca 2020 r. w sprawie szczeg\u00f3lnych rozwi\u0105za\u0144 w okresie czasowego ograniczenia funkcjonowania jednostek systemu o\u015bwiaty w zwi\u0105zku z zapobieganiem, przeciwdzia\u0142aniem <br> i zwalczaniem COVID-19 (Dz. U. poz. 493), po uzyskaniu zgody organu prowadz\u0105cego <br><strong> zarz\u0105dzam, co nast\u0119puje:<\/strong><br> \u00a7&nbsp;1.<br> Zawiesza si\u0119 na czas oznaczony prowadzenie dzia\u0142alno\u015bci dydaktycznej, wychowawczej i opieku\u0144czej Przedszkola  nr 7 \u201eBursztynowa Si\u00f3demka\u201d   w Gdyni  w okresie od dnia 6 maja 2020 r. do dnia 11 maja 2020r. w zwi\u0105zku z zapobieganiem,przeciwdzia\u0142aniem i zwalczaniem COVID-19.<br> W okresie czasowego zawieszenia zaj\u0119\u0107, o kt\u00f3rym mowa w ust. 1, zadania Przedszkola  nr  7 \u201eBursztynowa Si\u00f3demka\u201d w Gdyni  s\u0105 prowadzone z wykorzystaniem metod i technik kszta\u0142cenia na odleg\u0142o\u015b\u0107.<br> \u00a7&nbsp;2.<br> Zarz\u0105dzenie podlega og\u0142oszeniu na stronie internetowej Przedszkola nr 7  \u201eBursztynowa     Si\u00f3demka\u201dw Gdyni <br> \u00a7&nbsp;3.<br> Zarz\u0105dzenie wchodzi w \u017cycie z dniem podpisania.<\/p>\n\n\n\n<p style=\"text-align:right\">Joanna Pawlenko<br>\n        Dyrektor   <\/p>\n","protected":false},"excerpt":{"rendered":"<p>Zarz\u0105dzenie 28 \/ 2020 Dyrektora Przedszkola nr 7 \u201eBursztynowa Si\u00f3demka\u201d z dnia 05.05.2020r w sprawie czasowego zawieszenia zaj\u0119\u0107 w Przedszkolu nr 7 \u201eBursztynowa Si\u00f3demka\u201d w Gdyni w zwi\u0105zku z zapobieganiem, przeciwdzia\u0142aniem i zwalczaniem COVID-19 Na podstawie \u00a7 18 ust. 2 pkt 2 rozporz\u0105dzenia Ministra Edukacji Narodowej i Sportu z dnia [&hellip;]<\/p>\n","protected":false},"author":1,"featured_media":0,"comment_status":"closed","ping_status":"closed","sticky":false,"template":"","format":"standard","meta":{"ngg_post_thumbnail":0,"footnotes":""},"categories":[3],"tags":[],"class_list":["post-1365","post","type-post","status-publish","format-standard","hentry","category-aktualnosci"],"_links":{"self":[{"href":"https:\/\/p7gdynia.pl\/index.php?rest_route=\/wp\/v2\/posts\/1365","targetHints":{"allow":["GET"]}}],"collection":[{"href":"https:\/\/p7gdynia.pl\/index.php?rest_route=\/wp\/v2\/posts"}],"about":[{"href":"https:\/\/p7gdynia.pl\/index.php?rest_route=\/wp\/v2\/types\/post"}],"author":[{"embeddable":true,"href":"https:\/\/p7gdynia.pl\/index.php?rest_route=\/wp\/v2\/users\/1"}],"replies":[{"embeddable":true,"href":"https:\/\/p7gdynia.pl\/index.php?rest_route=%2Fwp%2Fv2%2Fcomments&post=1365"}],"version-history":[{"count":2,"href":"https:\/\/p7gdynia.pl\/index.php?rest_route=\/wp\/v2\/posts\/1365\/revisions"}],"predecessor-version":[{"id":1395,"href":"https:\/\/p7gdynia.pl\/index.php?rest_route=\/wp\/v2\/posts\/1365\/revisions\/1395"}],"wp:attachment":[{"href":"https:\/\/p7gdynia.pl\/index.php?rest_route=%2Fwp%2Fv2%2Fmedia&parent=1365"}],"wp:term":[{"taxonomy":"category","embeddable":true,"href":"https:\/\/p7gdynia.pl\/index.php?rest_route=%2Fwp%2Fv2%2Fcategories&post=1365"},{"taxonomy":"post_tag","embeddable":true,"href":"https:\/\/p7gdynia.pl\/index.php?rest_route=%2Fwp%2Fv2%2Ftags&post=1365"}],"curies":[{"name":"wp","href":"https:\/\/api.w.org\/{rel}","templated":true}]}}