{"id":1367,"date":"2020-05-12T11:30:23","date_gmt":"2020-05-12T09:30:23","guid":{"rendered":"http:\/\/p7.edu.gdynia.pl\/?p=1367"},"modified":"2020-05-12T11:35:14","modified_gmt":"2020-05-12T09:35:14","slug":"organizacja-opieki-od-dnia-18-05-2020","status":"publish","type":"post","link":"https:\/\/p7gdynia.pl\/?p=1367","title":{"rendered":"Organizacja opieki od dnia 18.05.2020"},"content":{"rendered":"\t\t<div data-elementor-type=\"wp-post\" data-elementor-id=\"1367\" class=\"elementor elementor-1367 elementor-bc-flex-widget\">\n\t\t\t\t\t\t<section class=\"elementor-section elementor-top-section elementor-element elementor-element-682c12e9 elementor-section-boxed elementor-section-height-default elementor-section-height-default\" data-id=\"682c12e9\" data-element_type=\"section\" data-e-type=\"section\">\n\t\t\t\t\t\t<div class=\"elementor-container elementor-column-gap-default\">\n\t\t\t\t\t<div class=\"elementor-column elementor-col-100 elementor-top-column elementor-element elementor-element-6bc69ccc\" data-id=\"6bc69ccc\" data-element_type=\"column\" data-e-type=\"column\">\n\t\t\t<div class=\"elementor-widget-wrap elementor-element-populated\">\n\t\t\t\t\t\t<div class=\"elementor-element elementor-element-7edf0916 elementor-widget elementor-widget-text-editor\" data-id=\"7edf0916\" data-element_type=\"widget\" data-e-type=\"widget\" data-widget_type=\"text-editor.default\">\n\t\t\t\t<div class=\"elementor-widget-container\">\n\t\t\t\t\t\t\t\t\t<p><\/p>\n<p style=\"text-align: center;\"><strong>W zwi\u0105zku z dostosowaniem si\u0119 do wytycznych przeciwepidemicznych<\/strong><br \/><strong>G\u0142\u00f3wnego Inspektora Sanitarnego<\/strong><br \/><strong>z dnia 30 kwietnia 2020 r.<\/strong><br \/>dla przedszkoli, oddzia\u0142\u00f3w przedszkolnych w szkole podstawowej i innych form wychowania przedszkolnego oraz instytucji opieki nad dzie\u0107mi w wieku do lat 3,<br \/>wydane na podstawie art. 8a ust. 5 pkt 2 ustawy z dnia 14 marca 1985 r. o Pa\u0144stwowej Inspekcji Sanitarnej (Dz. U. z 2019 r. poz. 59, oraz z 2020 r. poz. 322, 374 i 567)<br \/><strong>zwi\u0105zanych z bezpieczn\u0105 organizacj\u0105 opieki nad dzie\u0107mi od dnia 18.05.2020,<\/strong><br \/><strong>Przedszkole Nr 7 \u201eBursztynowa Si\u00f3demka\u201d w Gdyni<\/strong><br \/><strong><br \/><\/strong><\/p>\n<p style=\"text-align: center;\"><strong><span style=\"text-decoration: underline;\">jest w stanie przyj\u0105\u0107 36 dziec<\/span>i :<\/strong><\/p>\n<p><\/p>\n<p><em><strong>\u2013 \u201epierwsze\u0144stwo uzyskuj\u0105 dzieci pracownik\u00f3w systemu ochrony zdrowia, s\u0142u\u017cb mundurowych, pracownik\u00f3w handlu i przedsi\u0119biorstw produkcyjnych, realizuj\u0105cy zadania zwi\u0105zane z zapobieganiem, przeciwdzia\u0142aniem i zwalczaniem COVID-19\u201d<\/strong><\/em><\/p>\n<p><\/p>\n<p><em><strong>\u2013 \u201eminimalna przestrze\u0144 do wypoczynku, zabawy i zaj\u0119\u0107 dla dzieci w sali nie mo\u017ce by\u0107 mniejsza ni\u017c 4 m\u00b2 na 1 dziecko i ka\u017cdego opiekuna\u201d<\/strong><\/em><\/p>\n<p><\/p>\n<p style=\"text-align: center;\"><strong>Rodzice ubiegaj\u0105cy si\u0119 o powr\u00f3t dzieci do przedszkola proszeni s\u0105 o wype\u0142nienie potrzebnych o\u015bwiadcze\u0144<\/strong><br \/><strong>i odes\u0142anie ich na poczt\u0119<\/strong><\/p>\n<p><\/p>\n<p style=\"text-align: center;\"><strong>przedszkole@p7.edu.gdynia.pl<\/strong><br \/><span style=\"text-decoration: underline;\"><strong>do\u00a0 13.05.2020 r.<\/strong><\/span><\/p>\n<p><\/p>\n<p><strong>ZA\u0141\u0104CZNIKI :<\/strong><\/p>\n<p><\/p>\t\t\t\t\t\t\t\t<\/div>\n\t\t\t\t<\/div>\n\t\t\t\t\t<\/div>\n\t\t<\/div>\n\t\t\t\t\t<\/div>\n\t\t<\/section>\n\t\t\t\t<section class=\"elementor-section elementor-top-section elementor-element elementor-element-697125e elementor-section-boxed elementor-section-height-default elementor-section-height-default\" data-id=\"697125e\" data-element_type=\"section\" data-e-type=\"section\">\n\t\t\t\t\t\t<div class=\"elementor-container elementor-column-gap-default\">\n\t\t\t\t\t<div class=\"elementor-column elementor-col-100 elementor-top-column elementor-element elementor-element-be4e66c\" data-id=\"be4e66c\" data-element_type=\"column\" data-e-type=\"column\">\n\t\t\t<div class=\"elementor-widget-wrap elementor-element-populated\">\n\t\t\t\t\t\t<div class=\"elementor-element elementor-element-9d4cea9 elementor-widget elementor-widget-button\" data-id=\"9d4cea9\" data-element_type=\"widget\" data-e-type=\"widget\" data-widget_type=\"button.default\">\n\t\t\t\t<div class=\"elementor-widget-container\">\n\t\t\t\t\t\t\t\t\t<div class=\"elementor-button-wrapper\">\n\t\t\t\t\t<a class=\"elementor-button elementor-button-link elementor-size-sm\" href=\"http:\/\/www.cityit.hostilla.pl\/p7\/wp-content\/uploads\/O\u015aWIADCZENIE-O-STANIE-ZDROWIA-DZIECKA.docx\">\n\t\t\t\t\t\t<span class=\"elementor-button-content-wrapper\">\n\t\t\t\t\t\t\t\t\t<span class=\"elementor-button-text\">O\u015aWIADCZENIE O STANIE ZDROWIA DZIECKA<\/span>\n\t\t\t\t\t<\/span>\n\t\t\t\t\t<\/a>\n\t\t\t\t<\/div>\n\t\t\t\t\t\t\t\t<\/div>\n\t\t\t\t<\/div>\n\t\t\t\t\t<\/div>\n\t\t<\/div>\n\t\t\t\t\t<\/div>\n\t\t<\/section>\n\t\t\t\t<section class=\"elementor-section elementor-top-section elementor-element elementor-element-40133eb elementor-section-boxed elementor-section-height-default elementor-section-height-default\" data-id=\"40133eb\" data-element_type=\"section\" data-e-type=\"section\">\n\t\t\t\t\t\t<div class=\"elementor-container elementor-column-gap-default\">\n\t\t\t\t\t<div class=\"elementor-column elementor-col-100 elementor-top-column elementor-element elementor-element-a201aac\" data-id=\"a201aac\" data-element_type=\"column\" data-e-type=\"column\">\n\t\t\t<div class=\"elementor-widget-wrap elementor-element-populated\">\n\t\t\t\t\t\t<div class=\"elementor-element elementor-element-6cad691 elementor-widget elementor-widget-button\" data-id=\"6cad691\" data-element_type=\"widget\" data-e-type=\"widget\" data-widget_type=\"button.default\">\n\t\t\t\t<div class=\"elementor-widget-container\">\n\t\t\t\t\t\t\t\t\t<div class=\"elementor-button-wrapper\">\n\t\t\t\t\t<a class=\"elementor-button elementor-button-link elementor-size-sm\" href=\"http:\/\/www.cityit.hostilla.pl\/p7\/wp-content\/uploads\/ZGODA-NA-POMIAR-TEMPERATURY.docx\">\n\t\t\t\t\t\t<span class=\"elementor-button-content-wrapper\">\n\t\t\t\t\t\t\t\t\t<span class=\"elementor-button-text\">ZGODA NA POMIAR TEMPERATURY<\/span>\n\t\t\t\t\t<\/span>\n\t\t\t\t\t<\/a>\n\t\t\t\t<\/div>\n\t\t\t\t\t\t\t\t<\/div>\n\t\t\t\t<\/div>\n\t\t\t\t\t<\/div>\n\t\t<\/div>\n\t\t\t\t\t<\/div>\n\t\t<\/section>\n\t\t\t\t<\/div>\n\t\t","protected":false},"excerpt":{"rendered":"<p>W zwi\u0105zku z dostosowaniem si\u0119 do wytycznych przeciwepidemicznychG\u0142\u00f3wnego Inspektora Sanitarnegoz dnia 30 kwietnia 2020 r.dla przedszkoli, oddzia\u0142\u00f3w przedszkolnych w szkole podstawowej i innych form wychowania przedszkolnego oraz instytucji opieki nad dzie\u0107mi w wieku do lat 3,wydane na podstawie art. 8a ust. 5 pkt 2 ustawy z dnia 14 marca 1985 [&hellip;]<\/p>\n","protected":false},"author":1,"featured_media":1378,"comment_status":"closed","ping_status":"closed","sticky":true,"template":"","format":"standard","meta":{"ngg_post_thumbnail":0,"footnotes":""},"categories":[3],"tags":[],"class_list":["post-1367","post","type-post","status-publish","format-standard","has-post-thumbnail","hentry","category-aktualnosci"],"_links":{"self":[{"href":"https:\/\/p7gdynia.pl\/index.php?rest_route=\/wp\/v2\/posts\/1367","targetHints":{"allow":["GET"]}}],"collection":[{"href":"https:\/\/p7gdynia.pl\/index.php?rest_route=\/wp\/v2\/posts"}],"about":[{"href":"https:\/\/p7gdynia.pl\/index.php?rest_route=\/wp\/v2\/types\/post"}],"author":[{"embeddable":true,"href":"https:\/\/p7gdynia.pl\/index.php?rest_route=\/wp\/v2\/users\/1"}],"replies":[{"embeddable":true,"href":"https:\/\/p7gdynia.pl\/index.php?rest_route=%2Fwp%2Fv2%2Fcomments&post=1367"}],"version-history":[{"count":6,"href":"https:\/\/p7gdynia.pl\/index.php?rest_route=\/wp\/v2\/posts\/1367\/revisions"}],"predecessor-version":[{"id":1377,"href":"https:\/\/p7gdynia.pl\/index.php?rest_route=\/wp\/v2\/posts\/1367\/revisions\/1377"}],"wp:featuredmedia":[{"embeddable":true,"href":"https:\/\/p7gdynia.pl\/index.php?rest_route=\/wp\/v2\/media\/1378"}],"wp:attachment":[{"href":"https:\/\/p7gdynia.pl\/index.php?rest_route=%2Fwp%2Fv2%2Fmedia&parent=1367"}],"wp:term":[{"taxonomy":"category","embeddable":true,"href":"https:\/\/p7gdynia.pl\/index.php?rest_route=%2Fwp%2Fv2%2Fcategories&post=1367"},{"taxonomy":"post_tag","embeddable":true,"href":"https:\/\/p7gdynia.pl\/index.php?rest_route=%2Fwp%2Fv2%2Ftags&post=1367"}],"curies":[{"name":"wp","href":"https:\/\/api.w.org\/{rel}","templated":true}]}}