{"id":1379,"date":"2020-05-13T11:19:25","date_gmt":"2020-05-13T09:19:25","guid":{"rendered":"http:\/\/p7.edu.gdynia.pl\/?p=1379"},"modified":"2020-05-13T11:19:55","modified_gmt":"2020-05-13T09:19:55","slug":"list-wiceprezydenta-w-sprawie-opieki-od-18-05-2020","status":"publish","type":"post","link":"https:\/\/p7gdynia.pl\/?p=1379","title":{"rendered":"List Wiceprezydenta w sprawie opieki od 18.05.2020"},"content":{"rendered":"\n<p style=\"text-align:center\"><strong>Prosimy Pa\u0144stwa o zapoznanie si\u0119 z listem\u00a0 Wiceprezydenta Miasta Gdyni o ch\u0119ci skorzystania z us\u0142ug przedszkola.<\/strong><\/p>\n\n\n\n<p><br><br>Szanowni Pa\u0144stwo,<br>Od momentu podj\u0119cia przez rz\u0105d decyzji o otwarciu \u017c\u0142obk\u00f3w i przedszkoli z dniem 6 maja, dla Samorz\u0105du Gdyni priorytetem by\u0142o w\u0142a\u015bciwe zdiagnozowanie potrzeby tego otwarcia w\u015br\u00f3d rodzic\u00f3w oraz uzyskanie szczeg\u00f3\u0142owych wytycznych Ministerstwa Zdrowia i G\u0142\u00f3wnego Inspektora Sanitarnego w tej sprawie. Pocz\u0105tkowe, og\u00f3lne rekomendacje, nie by\u0142y bowiem wystarczaj\u0105ce, by podj\u0105\u0107 decyzj\u0119, w kt\u00f3rej stawk\u0105 jest bezpiecze\u0144stwo dzieci, ich rodzin, a tak\u017ce pracownik\u00f3w plac\u00f3wek.<br>Ch\u0119\u0107 skorzystania z us\u0142ug \u017c\u0142obk\u00f3w i przedszkoli od 6 maja wyrazi\u0142o w Gdyni zaledwie 15 % rodzic\u00f3w. W p\u00f3\u017aniejszych dniach pojawi\u0142y si\u0119 r\u00f3wnie\u017c wytyczne MZ i GIS, kt\u00f3re pozwoli\u0142y nam niezw\u0142ocznie przyst\u0105pi\u0107 do przygotowania bezpiecznych procedur otwarcia, by sprosta\u0107 oczekiwaniom tych rodzic\u00f3w, kt\u00f3rzy z r\u00f3\u017cnych wzgl\u0119d\u00f3w nie mog\u0105 ju\u017c d\u0142u\u017cej zapewnia\u0107 opieki w warunkach domowych.<br>Wyt\u0119\u017cona praca i zaanga\u017cowanie przez nas ekspert\u00f3w r\u00f3\u017cnych dziedzin pozwoli\u0142y \u2013 w poczuciu pe\u0142nej odpowiedzialno\u015bci za bezpiecze\u0144stwo dzieci \u2013 wypracowa\u0107 rozwi\u0105zania, kt\u00f3re zacz\u0119li\u015bmy ju\u017c wdra\u017ca\u0107. Umo\u017cliwia to uruchomienie dzia\u0142alno\u015bci \u017c\u0142obk\u00f3w i przedszkoli publicznych ju\u017c od najbli\u017cszego poniedzia\u0142ku, 18 maja.<br>Podejmuj\u0105c decyzj\u0119 o skorzystaniu z oferty naszych plac\u00f3wek, nale\u017cy mie\u0107 jednak na uwadze zmiany, jakie nast\u0105pi\u0105 w ich funkcjonowaniu. Jedn\u0105 z najwa\u017cniejszych, narzucon\u0105 przez G\u0142\u00f3wnego Inspektora Sanitarnego, jest ograniczenie liczebno\u015bci grup \u2013 do 12-14 dzieci, co oznacza, \u017ce b\u0119d\u0105 one dzia\u0142a\u0142y w znacznie ograniczonym zakresie. Dodatkowo obowi\u0105zywa\u0107 b\u0119d\u0105 nowe procedury dotycz\u0105ce sposobu przyprowadzania i odbierania dziecka z plac\u00f3wki, zasad dezynfekcji r\u0105k i pomieszcze\u0144, stosowania \u015brodk\u00f3w ochrony osobistej, zasad korzystania z plac\u00f3w zabaw, zmianowo\u015bci grup, obowi\u0105zkowego pomiaru temperatury czy sposobu post\u0119powania w przypadku podejrzenia choroby.<br>Decyzja o rozpocz\u0119ciu dzia\u0142alno\u015bci \u017c\u0142obk\u00f3w i przedszkoli po wdro\u017ceniu szeregu nowych procedur i wyposa\u017ceniu w dodatkowy sprz\u0119t ochronny jest efektem rozwa\u017cnego podej\u015bcia Samorz\u0105du Gdyni do systemu opieki nad dzie\u0107mi, ale ostateczna \u2013 o skorzystaniu z us\u0142ug \u2013 le\u017cy po Pa\u0144stwa stronie \u2013 Rodzic\u00f3w i Opiekun\u00f3w najm\u0142odszych gdynian. Z pewno\u015bci\u0105 musi by\u0107 podj\u0119ta z uwzgl\u0119dnieniem pewnego ryzyka. Z wielk\u0105 trosk\u0105 i odpowiedzialno\u015bci\u0105 wypracowywano nowe zasady, ale obecna sytuacja epidemiologiczna w Polsce niestety nie mo\u017ce pozwoli\u0107 nam zagwarantowa\u0107, \u017ce w plac\u00f3wkach nie wyst\u0105pi\u0105 zachorowania na Covid-19. Nawet najbardziej restrykcyjne zasady w \u017cadnym stopniu nie pozwol\u0105 ogranicza\u0107, czy te\u017c rejestrowa\u0107 aktywno\u015bci dzieci i ich rodzin w czasie wykraczaj\u0105cym poza obecno\u015b\u0107 w \u017c\u0142obku i przedszkolu, a to w\u0142a\u015bnie aktywno\u015b\u0107 poza plac\u00f3wk\u0105, liczba spotykanych os\u00f3b, czy odwiedzane miejsca mog\u0105 powodowa\u0107 zachorowania w\u015br\u00f3d innych cz\u0142onk\u00f3w grupy \u017c\u0142obkowej lub przedszkolnej.<br>Pragniemy tak\u017ce zwr\u00f3ci\u0107 uwag\u0119 na konieczno\u015b\u0107 przygotowania dzieci do powrotu do \u017c\u0142obk\u00f3w i przedszkoli, kt\u00f3re b\u0119d\u0105 dzia\u0142a\u0107 w zupe\u0142nie nowych warunkach. Wytyczne GIS oraz wypracowane dla dobra i bezpiecze\u0144stwa dzieci procedury mog\u0105 powodowa\u0107 dodatkowy stres i konieczno\u015b\u0107 adaptacji do nowych warunk\u00f3w. Czynnikiem stresuj\u0105cym mo\u017ce by\u0107 na przyk\u0142ad trafienie do grupy z nowymi dzie\u0107mi czy przydzielenie innego opiekuna, kt\u00f3ry w ubraniu ochronnym mo\u017ce po prostu wzbudza\u0107 niepok\u00f3j. Przygotowuj\u0105c zatem siebie i dziecko do powrotu, warto z nim porozmawia\u0107, na przyk\u0142ad korzystaj\u0105c z materia\u0142\u00f3w opracowanych przez UNICEF:<a href=\"https:\/\/zz4.pl\/wp-content\/uploads\/2020\/04\/Choroba_wywolana_koronawirusem_UNICEF-2.pdf\"><br><\/a><strong><a href=\"https:\/\/zz4.pl\/wp-content\/uploads\/2020\/04\/Choroba_wywolana_koronawirusem_UNICEF-2.pdf\">\u2022 https:\/\/zz4.pl\/wp-content\/uploads\/2020\/04\/Choroba_wywolana_koronawirusem_UNICEF-2.pdf<\/a><\/strong> <\/p>\n\n\n\n<p><br><a href=\"https:\/\/zz4.pl\/wp-content\/uploads\/2020\/04\/Jak_rozmawiac_z_dzieckiem_UNICEF-1.pdf\">https:\/\/zz4.pl\/wp-content\/uploads\/2020\/04\/Jak_rozmawiac_z_dzieckiem_UNICEF-1.pdf<\/a><\/p>\n\n\n\n<p><br>Przypominamy r\u00f3wnie\u017c, \u017ce rodzicom dzieci do lat 8, kt\u00f3rzy zdecyduj\u0105 si\u0119 na pozostanie z nimi w domu, do 24 maja nadal b\u0119dzie przys\u0142ugiwa\u0142 zasi\u0142ek opieku\u0144czy, a osoby kt\u00f3re zdecyduj\u0105 si\u0119 nie korzysta\u0107 z us\u0142ug \u017c\u0142obk\u00f3w, do 30 czerwca b\u0119d\u0105 zwolnione z op\u0142aty.<br>Ch\u0119\u0107 zg\u0142oszenia dziecka do \u017c\u0142obka lub przedszkola nale\u017cy wyrazi\u0107 do dnia 13 maja 2020 r. za po\u015brednictwem poczty elektronicznej. Szczeg\u00f3\u0142owe procedury post\u0119powania znajd\u0105 Pa\u0144stwo na stronach internetowych poszczeg\u00f3lnych jednostek. Samo zg\u0142oszenie nie daje jednak gwarancji mo\u017cliwo\u015bci skorzystania z us\u0142ug \u017c\u0142obka lub przedszkola od 18 maja. Zgodnie z wytycznymi krajowymi, w pierwszej kolejno\u015bci z us\u0142ug korzysta\u0107 b\u0119d\u0105 mogli m.in. pracownicy s\u0142u\u017cb mundurowych, systemu ochrony zdrowia, pracownicy handlu i przedsi\u0119biorstw produkcyjnych, realizuj\u0105cy zadania zwi\u0105zane z zapobieganiem, przeciwdzia\u0142aniem i zwalczaniem COVID-19, a dost\u0119pno\u015b\u0107 dla innych os\u00f3b b\u0119dzie uzale\u017cniona od liczby wolnych miejsc uruchomionych zgodnie z nowymi wytycznymi okre\u015blonymi przez G\u0142\u00f3wnego Inspektora Sanitarnego.<br>Pragniemy Pa\u0144stwa \u2013 z pe\u0142n\u0105 odpowiedzialno\u015bci\u0105 \u2013 zapewni\u0107, \u017ce do\u0142o\u017cyli\u015bmy wszelkich stara\u0144, aby chroni\u0107 zdrowie Pa\u0144stwa dzieci i rodzin oraz pracownik\u00f3w \u017c\u0142obk\u00f3w i przedszkoli. Zdajemy sobie spraw\u0119, \u017ce wprowadzone obostrzenia mog\u0105 sprawia\u0107 wiele trudno\u015bci. Mamy nadziej\u0119, \u017ce wsp\u00f3lnie uda nam si\u0119 stawi\u0107 im czo\u0142a.<br>\u017byczymy du\u017co zdrowia!<br>Bartosz Bartoszewicz<br>Wiceprezydent Miasta Gdyni<br>Dyrektorzy Przedszkoli Publicznych<br>Dyrektorzy \u017b\u0142obk\u00f3w Publicznych<br>Pracownicy Wydzia\u0142u Edukacji Urz\u0119du Miasta Gdynia<br>Pracownicy Gdy\u0144skiego Centrum Zdrowia <br><\/p>\n","protected":false},"excerpt":{"rendered":"<p>Prosimy Pa\u0144stwa o zapoznanie si\u0119 z listem\u00a0 Wiceprezydenta Miasta Gdyni o ch\u0119ci skorzystania z us\u0142ug przedszkola. Szanowni Pa\u0144stwo,Od momentu podj\u0119cia przez rz\u0105d decyzji o otwarciu \u017c\u0142obk\u00f3w i przedszkoli z dniem 6 maja, dla Samorz\u0105du Gdyni priorytetem by\u0142o w\u0142a\u015bciwe zdiagnozowanie potrzeby tego otwarcia w\u015br\u00f3d rodzic\u00f3w oraz uzyskanie szczeg\u00f3\u0142owych wytycznych Ministerstwa Zdrowia [&hellip;]<\/p>\n","protected":false},"author":1,"featured_media":1378,"comment_status":"closed","ping_status":"closed","sticky":true,"template":"","format":"standard","meta":{"ngg_post_thumbnail":0,"footnotes":""},"categories":[3],"tags":[],"class_list":["post-1379","post","type-post","status-publish","format-standard","has-post-thumbnail","hentry","category-aktualnosci"],"_links":{"self":[{"href":"https:\/\/p7gdynia.pl\/index.php?rest_route=\/wp\/v2\/posts\/1379","targetHints":{"allow":["GET"]}}],"collection":[{"href":"https:\/\/p7gdynia.pl\/index.php?rest_route=\/wp\/v2\/posts"}],"about":[{"href":"https:\/\/p7gdynia.pl\/index.php?rest_route=\/wp\/v2\/types\/post"}],"author":[{"embeddable":true,"href":"https:\/\/p7gdynia.pl\/index.php?rest_route=\/wp\/v2\/users\/1"}],"replies":[{"embeddable":true,"href":"https:\/\/p7gdynia.pl\/index.php?rest_route=%2Fwp%2Fv2%2Fcomments&post=1379"}],"version-history":[{"count":4,"href":"https:\/\/p7gdynia.pl\/index.php?rest_route=\/wp\/v2\/posts\/1379\/revisions"}],"predecessor-version":[{"id":1383,"href":"https:\/\/p7gdynia.pl\/index.php?rest_route=\/wp\/v2\/posts\/1379\/revisions\/1383"}],"wp:featuredmedia":[{"embeddable":true,"href":"https:\/\/p7gdynia.pl\/index.php?rest_route=\/wp\/v2\/media\/1378"}],"wp:attachment":[{"href":"https:\/\/p7gdynia.pl\/index.php?rest_route=%2Fwp%2Fv2%2Fmedia&parent=1379"}],"wp:term":[{"taxonomy":"category","embeddable":true,"href":"https:\/\/p7gdynia.pl\/index.php?rest_route=%2Fwp%2Fv2%2Fcategories&post=1379"},{"taxonomy":"post_tag","embeddable":true,"href":"https:\/\/p7gdynia.pl\/index.php?rest_route=%2Fwp%2Fv2%2Ftags&post=1379"}],"curies":[{"name":"wp","href":"https:\/\/api.w.org\/{rel}","templated":true}]}}