{"id":1385,"date":"2020-05-14T11:49:29","date_gmt":"2020-05-14T09:49:29","guid":{"rendered":"http:\/\/p7.edu.gdynia.pl\/?p=1385"},"modified":"2020-05-14T11:49:31","modified_gmt":"2020-05-14T09:49:31","slug":"procedura-na-wypadek-zagrozenia-covid-19","status":"publish","type":"post","link":"https:\/\/p7gdynia.pl\/?p=1385","title":{"rendered":"Procedura na wypadek zagro\u017cenia COVID-19"},"content":{"rendered":"\t\t<div data-elementor-type=\"wp-post\" data-elementor-id=\"1385\" class=\"elementor elementor-1385 elementor-bc-flex-widget\">\n\t\t\t\t\t\t<section class=\"elementor-section elementor-top-section elementor-element elementor-element-38e4c503 elementor-section-boxed elementor-section-height-default elementor-section-height-default\" data-id=\"38e4c503\" data-element_type=\"section\" data-e-type=\"section\">\n\t\t\t\t\t\t<div class=\"elementor-container elementor-column-gap-default\">\n\t\t\t\t\t<div class=\"elementor-column elementor-col-100 elementor-top-column elementor-element elementor-element-40509339\" data-id=\"40509339\" data-element_type=\"column\" data-e-type=\"column\">\n\t\t\t<div class=\"elementor-widget-wrap elementor-element-populated\">\n\t\t\t\t\t\t<div class=\"elementor-element elementor-element-7c920a4a elementor-widget elementor-widget-text-editor\" data-id=\"7c920a4a\" data-element_type=\"widget\" data-e-type=\"widget\" data-widget_type=\"text-editor.default\">\n\t\t\t\t<div class=\"elementor-widget-container\">\n\t\t\t\t\t\t\t\t\t<p><\/p>\n<p><strong>Drodzy Rodzice<\/strong><\/p>\n<p><\/p>\n<p><\/p>\n<p><strong>Od 18 maja 2020 roku otwieramy plac\u00f3wk\u0119. Prosimy zapozna\u0107 si\u0119 z obowi\u0105zuj\u0105c\u0105 od 14 maja 2020 &#8222;Procedur\u0105 na wypadek zagro\u017cenia COVID-19 \u2013 zapobieganie zaka\u017ceniu i rozprzestrzenianiu si\u0119 choroby&#8221;.<\/strong><\/p>\n<p><\/p>\n<p><\/p>\n<p><strong>Rodzice dzieci, kt\u00f3re zosta\u0142y zakwalifikowane do przedszkola od 18 maja, proszeni s\u0105 o <span style=\"text-decoration: underline;\">wype\u0142nienie za\u0142. nr 1,<\/span> w\u0142o\u017cenie tych zg\u00f3d do koperty i wrzucenie koperty do pojemnika znajduj\u0105cego si\u0119 przy wej\u015bciu do przedszkola, <span style=\"text-decoration: underline;\">\u00a0w pierwszym dniu przyprowadzenia dziecka<\/span><\/strong><\/p>\n<p><\/p>\t\t\t\t\t\t\t\t<\/div>\n\t\t\t\t<\/div>\n\t\t\t\t\t<\/div>\n\t\t<\/div>\n\t\t\t\t\t<\/div>\n\t\t<\/section>\n\t\t\t\t<section class=\"elementor-section elementor-top-section elementor-element elementor-element-c163a1d elementor-section-boxed elementor-section-height-default elementor-section-height-default\" data-id=\"c163a1d\" data-element_type=\"section\" data-e-type=\"section\">\n\t\t\t\t\t\t<div class=\"elementor-container elementor-column-gap-default\">\n\t\t\t\t\t<div class=\"elementor-column elementor-col-100 elementor-top-column elementor-element elementor-element-8d986a7\" data-id=\"8d986a7\" data-element_type=\"column\" data-e-type=\"column\">\n\t\t\t<div class=\"elementor-widget-wrap elementor-element-populated\">\n\t\t\t\t\t\t<div class=\"elementor-element elementor-element-988c3fa elementor-widget elementor-widget-button\" data-id=\"988c3fa\" data-element_type=\"widget\" data-e-type=\"widget\" data-widget_type=\"button.default\">\n\t\t\t\t<div class=\"elementor-widget-container\">\n\t\t\t\t\t\t\t\t\t<div class=\"elementor-button-wrapper\">\n\t\t\t\t\t<a class=\"elementor-button elementor-button-link elementor-size-sm\" href=\"http:\/\/www.cityit.hostilla.pl\/p7\/wp-content\/uploads\/Procedura-na-wypadek-zagro\u017cenia-COVID-19.pdf\">\n\t\t\t\t\t\t<span class=\"elementor-button-content-wrapper\">\n\t\t\t\t\t\t\t\t\t<span class=\"elementor-button-text\">Procedura na wypadek zagro\u017cenia COVID-19<\/span>\n\t\t\t\t\t<\/span>\n\t\t\t\t\t<\/a>\n\t\t\t\t<\/div>\n\t\t\t\t\t\t\t\t<\/div>\n\t\t\t\t<\/div>\n\t\t\t\t\t<\/div>\n\t\t<\/div>\n\t\t\t\t\t<\/div>\n\t\t<\/section>\n\t\t\t\t<section class=\"elementor-section elementor-top-section elementor-element elementor-element-2e04c7f elementor-section-boxed elementor-section-height-default elementor-section-height-default\" data-id=\"2e04c7f\" data-element_type=\"section\" data-e-type=\"section\">\n\t\t\t\t\t\t<div class=\"elementor-container elementor-column-gap-default\">\n\t\t\t\t\t<div class=\"elementor-column elementor-col-100 elementor-top-column elementor-element elementor-element-d9ad5f7\" data-id=\"d9ad5f7\" data-element_type=\"column\" data-e-type=\"column\">\n\t\t\t<div class=\"elementor-widget-wrap elementor-element-populated\">\n\t\t\t\t\t\t<div class=\"elementor-element elementor-element-6a1ceb3 elementor-widget elementor-widget-button\" data-id=\"6a1ceb3\" data-element_type=\"widget\" data-e-type=\"widget\" data-widget_type=\"button.default\">\n\t\t\t\t<div class=\"elementor-widget-container\">\n\t\t\t\t\t\t\t\t\t<div class=\"elementor-button-wrapper\">\n\t\t\t\t\t<a class=\"elementor-button elementor-button-link elementor-size-sm\" href=\"http:\/\/www.cityit.hostilla.pl\/p7\/wp-content\/uploads\/Za\u0142\u0105cznik-nr-1.docx\">\n\t\t\t\t\t\t<span class=\"elementor-button-content-wrapper\">\n\t\t\t\t\t\t\t\t\t<span class=\"elementor-button-text\">Za\u0142\u0105cznik nr 1<\/span>\n\t\t\t\t\t<\/span>\n\t\t\t\t\t<\/a>\n\t\t\t\t<\/div>\n\t\t\t\t\t\t\t\t<\/div>\n\t\t\t\t<\/div>\n\t\t\t\t\t<\/div>\n\t\t<\/div>\n\t\t\t\t\t<\/div>\n\t\t<\/section>\n\t\t\t\t<\/div>\n\t\t","protected":false},"excerpt":{"rendered":"<p>Drodzy Rodzice Od 18 maja 2020 roku otwieramy plac\u00f3wk\u0119. Prosimy zapozna\u0107 si\u0119 z obowi\u0105zuj\u0105c\u0105 od 14 maja 2020 &#8222;Procedur\u0105 na wypadek zagro\u017cenia COVID-19 \u2013 zapobieganie zaka\u017ceniu i rozprzestrzenianiu si\u0119 choroby&#8221;. Rodzice dzieci, kt\u00f3re zosta\u0142y zakwalifikowane do przedszkola od 18 maja, proszeni s\u0105 o wype\u0142nienie za\u0142. nr 1, w\u0142o\u017cenie tych zg\u00f3d [&hellip;]<\/p>\n","protected":false},"author":1,"featured_media":1378,"comment_status":"closed","ping_status":"closed","sticky":true,"template":"","format":"standard","meta":{"ngg_post_thumbnail":0,"footnotes":""},"categories":[3],"tags":[],"class_list":["post-1385","post","type-post","status-publish","format-standard","has-post-thumbnail","hentry","category-aktualnosci"],"_links":{"self":[{"href":"https:\/\/p7gdynia.pl\/index.php?rest_route=\/wp\/v2\/posts\/1385","targetHints":{"allow":["GET"]}}],"collection":[{"href":"https:\/\/p7gdynia.pl\/index.php?rest_route=\/wp\/v2\/posts"}],"about":[{"href":"https:\/\/p7gdynia.pl\/index.php?rest_route=\/wp\/v2\/types\/post"}],"author":[{"embeddable":true,"href":"https:\/\/p7gdynia.pl\/index.php?rest_route=\/wp\/v2\/users\/1"}],"replies":[{"embeddable":true,"href":"https:\/\/p7gdynia.pl\/index.php?rest_route=%2Fwp%2Fv2%2Fcomments&post=1385"}],"version-history":[{"count":6,"href":"https:\/\/p7gdynia.pl\/index.php?rest_route=\/wp\/v2\/posts\/1385\/revisions"}],"predecessor-version":[{"id":1393,"href":"https:\/\/p7gdynia.pl\/index.php?rest_route=\/wp\/v2\/posts\/1385\/revisions\/1393"}],"wp:featuredmedia":[{"embeddable":true,"href":"https:\/\/p7gdynia.pl\/index.php?rest_route=\/wp\/v2\/media\/1378"}],"wp:attachment":[{"href":"https:\/\/p7gdynia.pl\/index.php?rest_route=%2Fwp%2Fv2%2Fmedia&parent=1385"}],"wp:term":[{"taxonomy":"category","embeddable":true,"href":"https:\/\/p7gdynia.pl\/index.php?rest_route=%2Fwp%2Fv2%2Fcategories&post=1385"},{"taxonomy":"post_tag","embeddable":true,"href":"https:\/\/p7gdynia.pl\/index.php?rest_route=%2Fwp%2Fv2%2Ftags&post=1385"}],"curies":[{"name":"wp","href":"https:\/\/api.w.org\/{rel}","templated":true}]}}