{"id":1588,"date":"2020-05-27T11:55:43","date_gmt":"2020-05-27T09:55:43","guid":{"rendered":"http:\/\/p7.edu.gdynia.pl\/?p=1588"},"modified":"2020-06-01T10:59:27","modified_gmt":"2020-06-01T08:59:27","slug":"wakacje-2020","status":"publish","type":"post","link":"https:\/\/p7gdynia.pl\/?p=1588","title":{"rendered":"WAKACJE 2020"},"content":{"rendered":"\t\t<div data-elementor-type=\"wp-post\" data-elementor-id=\"1588\" class=\"elementor elementor-1588 elementor-bc-flex-widget\">\n\t\t\t\t\t\t<section class=\"elementor-section elementor-top-section elementor-element elementor-element-5cd88d33 elementor-section-boxed elementor-section-height-default elementor-section-height-default\" data-id=\"5cd88d33\" data-element_type=\"section\" data-e-type=\"section\">\n\t\t\t\t\t\t<div class=\"elementor-container elementor-column-gap-default\">\n\t\t\t\t\t<div class=\"elementor-column elementor-col-100 elementor-top-column elementor-element elementor-element-24627485\" data-id=\"24627485\" data-element_type=\"column\" data-e-type=\"column\">\n\t\t\t<div class=\"elementor-widget-wrap elementor-element-populated\">\n\t\t\t\t\t\t<div class=\"elementor-element elementor-element-1828c16c elementor-widget elementor-widget-text-editor\" data-id=\"1828c16c\" data-element_type=\"widget\" data-e-type=\"widget\" data-widget_type=\"text-editor.default\">\n\t\t\t\t<div class=\"elementor-widget-container\">\n\t\t\t\t\t\t\t\t\t\n<p style=\"text-align:center\">Drodzy\nRodzice,<\/p>\n\n\n\n<p style=\"text-align:center\">przypominamy, \u017ce Przedszkole nr &nbsp;7&nbsp;&nbsp; &#8222;Bursztynowa Si\u00f3demka&#8221; <strong>pracuje  w &nbsp;LIPCU  br.<\/strong><\/p>\n\n\n\n<p style=\"text-align:center\">Ze wzgl\u0119du na wci\u0105\u017c trwaj\u0105cy stan epidemii oraz&nbsp; wytycznymi G\u0142\u00f3wnego Inspektora Sanitarnego <strong>nasza plac\u00f3wka mo\u017ce przyj\u0105\u0107 &nbsp;50 dzieci.<\/strong><\/p>\n\n\n\n<p style=\"text-align:center\">W zwi\u0105zku z powy\u017cszym prosimy o <strong>deklarowanie drog\u0105&nbsp; e-mailow\u0105 &#8211; <\/strong>przedszkole@p7.edu.gdynia.pl<strong> (do 15 czerwca), w jakich dniach &nbsp;LIPCA opieka przedszkolna jest Pa\u0144stwu niezb\u0119dna.<\/strong><\/p>\n\n\n\n<p>Jednocze\u015bnie\ninformujemy, \u017ce wytyczne przeciw epidemiologiczne GUS nie pozwalaj\u0105 na to, aby\nprzedszkola przyjmowa\u0142y dzieci z innych plac\u00f3wek.<\/p>\n\t\t\t\t\t\t\t\t<\/div>\n\t\t\t\t<\/div>\n\t\t\t\t\t<\/div>\n\t\t<\/div>\n\t\t\t\t\t<\/div>\n\t\t<\/section>\n\t\t\t\t<section class=\"elementor-section elementor-top-section elementor-element elementor-element-b2b01a0 elementor-section-boxed elementor-section-height-default elementor-section-height-default\" data-id=\"b2b01a0\" data-element_type=\"section\" data-e-type=\"section\">\n\t\t\t\t\t\t<div class=\"elementor-container elementor-column-gap-default\">\n\t\t\t\t\t<div class=\"elementor-column elementor-col-100 elementor-top-column elementor-element elementor-element-f142a3a\" data-id=\"f142a3a\" data-element_type=\"column\" data-e-type=\"column\">\n\t\t\t<div class=\"elementor-widget-wrap elementor-element-populated\">\n\t\t\t\t\t\t<div class=\"elementor-element elementor-element-bab447f elementor-widget elementor-widget-button\" data-id=\"bab447f\" data-element_type=\"widget\" data-e-type=\"widget\" data-widget_type=\"button.default\">\n\t\t\t\t<div class=\"elementor-widget-container\">\n\t\t\t\t\t\t\t\t\t<div class=\"elementor-button-wrapper\">\n\t\t\t\t\t<a class=\"elementor-button elementor-button-link elementor-size-sm\" href=\"http:\/\/www.cityit.hostilla.pl\/p7\/wp-content\/uploads\/ANKIETA_PLA-1.doc\">\n\t\t\t\t\t\t<span class=\"elementor-button-content-wrapper\">\n\t\t\t\t\t\t\t\t\t<span class=\"elementor-button-text\">Ankieta<\/span>\n\t\t\t\t\t<\/span>\n\t\t\t\t\t<\/a>\n\t\t\t\t<\/div>\n\t\t\t\t\t\t\t\t<\/div>\n\t\t\t\t<\/div>\n\t\t\t\t\t<\/div>\n\t\t<\/div>\n\t\t\t\t\t<\/div>\n\t\t<\/section>\n\t\t\t\t<\/div>\n\t\t","protected":false},"excerpt":{"rendered":"<p>Drodzy Rodzice, przypominamy, \u017ce Przedszkole nr &nbsp;7&nbsp;&nbsp; &#8222;Bursztynowa Si\u00f3demka&#8221; pracuje w &nbsp;LIPCU br. Ze wzgl\u0119du na wci\u0105\u017c trwaj\u0105cy stan epidemii oraz&nbsp; wytycznymi G\u0142\u00f3wnego Inspektora Sanitarnego nasza plac\u00f3wka mo\u017ce przyj\u0105\u0107 &nbsp;50 dzieci. W zwi\u0105zku z powy\u017cszym prosimy o deklarowanie drog\u0105&nbsp; e-mailow\u0105 &#8211; przedszkole@p7.edu.gdynia.pl (do 15 czerwca), w jakich dniach &nbsp;LIPCA opieka [&hellip;]<\/p>\n","protected":false},"author":1,"featured_media":1576,"comment_status":"closed","ping_status":"closed","sticky":true,"template":"","format":"standard","meta":{"ngg_post_thumbnail":0,"footnotes":""},"categories":[3],"tags":[],"class_list":["post-1588","post","type-post","status-publish","format-standard","has-post-thumbnail","hentry","category-aktualnosci"],"_links":{"self":[{"href":"https:\/\/p7gdynia.pl\/index.php?rest_route=\/wp\/v2\/posts\/1588","targetHints":{"allow":["GET"]}}],"collection":[{"href":"https:\/\/p7gdynia.pl\/index.php?rest_route=\/wp\/v2\/posts"}],"about":[{"href":"https:\/\/p7gdynia.pl\/index.php?rest_route=\/wp\/v2\/types\/post"}],"author":[{"embeddable":true,"href":"https:\/\/p7gdynia.pl\/index.php?rest_route=\/wp\/v2\/users\/1"}],"replies":[{"embeddable":true,"href":"https:\/\/p7gdynia.pl\/index.php?rest_route=%2Fwp%2Fv2%2Fcomments&post=1588"}],"version-history":[{"count":4,"href":"https:\/\/p7gdynia.pl\/index.php?rest_route=\/wp\/v2\/posts\/1588\/revisions"}],"predecessor-version":[{"id":1656,"href":"https:\/\/p7gdynia.pl\/index.php?rest_route=\/wp\/v2\/posts\/1588\/revisions\/1656"}],"wp:featuredmedia":[{"embeddable":true,"href":"https:\/\/p7gdynia.pl\/index.php?rest_route=\/wp\/v2\/media\/1576"}],"wp:attachment":[{"href":"https:\/\/p7gdynia.pl\/index.php?rest_route=%2Fwp%2Fv2%2Fmedia&parent=1588"}],"wp:term":[{"taxonomy":"category","embeddable":true,"href":"https:\/\/p7gdynia.pl\/index.php?rest_route=%2Fwp%2Fv2%2Fcategories&post=1588"},{"taxonomy":"post_tag","embeddable":true,"href":"https:\/\/p7gdynia.pl\/index.php?rest_route=%2Fwp%2Fv2%2Ftags&post=1588"}],"curies":[{"name":"wp","href":"https:\/\/api.w.org\/{rel}","templated":true}]}}