{"id":1795,"date":"2020-11-01T16:18:10","date_gmt":"2020-11-01T15:18:10","guid":{"rendered":"http:\/\/p7.edu.gdynia.pl\/?p=1795"},"modified":"2020-11-24T21:02:36","modified_gmt":"2020-11-24T20:02:36","slug":"pilne-zawieszenie-zajec-w-placowce-w-dniach-2-6-11-2020","status":"publish","type":"post","link":"https:\/\/p7gdynia.pl\/?p=1795","title":{"rendered":"PILNE! ZAWIESZENIE ZAJ\u0118\u0106 W PLAC\u00d3WCE W DNIACH 2-6.11.2020"},"content":{"rendered":"\n<p><br>Uwaga Rodzice !!!<br>W zwi\u0105zku z &nbsp;dynamicznie rozwijaj\u0105c\u0105 si\u0119 sytuacj\u0105 dotycz\u0105c\u0105 zaka\u017cenia Covid &#8211; 19 w przedszkolu nr 7 &#8222;Bursztynowa Si\u00f3demka&#8221; za zgod\u0105 Organu Prowadz\u0105cego w porozumieniu z Sanepidem, <strong>zaj\u0119cia<\/strong> <strong>w plac\u00f3wce zostaj\u0105 zawieszone od 02.11.2020 &#8211; 06.11.2020 r.<\/strong><br><br>Uzasadnienie :<br>31.10.2020 ok godz. 20.00 otrzymali\u015bmy oficjaln\u0105 informacj\u0119 o dodatnim wyniku zar\u00f3wno nauczycielki jak i wychowanki przedszkola. Na badania skierowana zosta\u0142a wi\u0119kszo\u015b\u0107 pracownik\u00f3w. St\u0105d decyzja jak wy\u017cej.<br><br>Z powa\u017caniem <br>Joanna Pawlenko dyrektor Przedszkola nr 7&#8243;Bursztynowa Si\u00f3demka&#8221;w Gdyni&#8221;<br><\/p>\n","protected":false},"excerpt":{"rendered":"<p>Uwaga Rodzice !!!W zwi\u0105zku z &nbsp;dynamicznie rozwijaj\u0105c\u0105 si\u0119 sytuacj\u0105 dotycz\u0105c\u0105 zaka\u017cenia Covid &#8211; 19 w przedszkolu nr 7 &#8222;Bursztynowa Si\u00f3demka&#8221; za zgod\u0105 Organu Prowadz\u0105cego w porozumieniu z Sanepidem, zaj\u0119cia w plac\u00f3wce zostaj\u0105 zawieszone od 02.11.2020 &#8211; 06.11.2020 r. Uzasadnienie :31.10.2020 ok godz. 20.00 otrzymali\u015bmy oficjaln\u0105 informacj\u0119 o dodatnim wyniku zar\u00f3wno [&hellip;]<\/p>\n","protected":false},"author":1,"featured_media":1378,"comment_status":"closed","ping_status":"closed","sticky":false,"template":"","format":"standard","meta":{"ngg_post_thumbnail":0,"footnotes":""},"categories":[3],"tags":[],"class_list":["post-1795","post","type-post","status-publish","format-standard","has-post-thumbnail","hentry","category-aktualnosci"],"_links":{"self":[{"href":"https:\/\/p7gdynia.pl\/index.php?rest_route=\/wp\/v2\/posts\/1795","targetHints":{"allow":["GET"]}}],"collection":[{"href":"https:\/\/p7gdynia.pl\/index.php?rest_route=\/wp\/v2\/posts"}],"about":[{"href":"https:\/\/p7gdynia.pl\/index.php?rest_route=\/wp\/v2\/types\/post"}],"author":[{"embeddable":true,"href":"https:\/\/p7gdynia.pl\/index.php?rest_route=\/wp\/v2\/users\/1"}],"replies":[{"embeddable":true,"href":"https:\/\/p7gdynia.pl\/index.php?rest_route=%2Fwp%2Fv2%2Fcomments&post=1795"}],"version-history":[{"count":2,"href":"https:\/\/p7gdynia.pl\/index.php?rest_route=\/wp\/v2\/posts\/1795\/revisions"}],"predecessor-version":[{"id":1846,"href":"https:\/\/p7gdynia.pl\/index.php?rest_route=\/wp\/v2\/posts\/1795\/revisions\/1846"}],"wp:featuredmedia":[{"embeddable":true,"href":"https:\/\/p7gdynia.pl\/index.php?rest_route=\/wp\/v2\/media\/1378"}],"wp:attachment":[{"href":"https:\/\/p7gdynia.pl\/index.php?rest_route=%2Fwp%2Fv2%2Fmedia&parent=1795"}],"wp:term":[{"taxonomy":"category","embeddable":true,"href":"https:\/\/p7gdynia.pl\/index.php?rest_route=%2Fwp%2Fv2%2Fcategories&post=1795"},{"taxonomy":"post_tag","embeddable":true,"href":"https:\/\/p7gdynia.pl\/index.php?rest_route=%2Fwp%2Fv2%2Ftags&post=1795"}],"curies":[{"name":"wp","href":"https:\/\/api.w.org\/{rel}","templated":true}]}}