{"id":1799,"date":"2020-11-06T11:31:18","date_gmt":"2020-11-06T10:31:18","guid":{"rendered":"http:\/\/p7.edu.gdynia.pl\/?p=1799"},"modified":"2020-11-24T21:02:26","modified_gmt":"2020-11-24T20:02:26","slug":"wznowienie-dzialalnosci-przedszkola-od-dnia-9-11-2020","status":"publish","type":"post","link":"https:\/\/p7gdynia.pl\/?p=1799","title":{"rendered":"WZNOWIENIE DZIA\u0141ALNO\u015aCI PRZEDSZKOLA OD DNIA 9.11.2020"},"content":{"rendered":"\n<p> Szanowni Pa\u0144stwo!<br><strong>Od dnia 09.11.2020 wznawiamy dzia\u0142alno\u015b\u0107 przedszkola. <\/strong><\/p>\n\n\n\n<p> W dalszym ci\u0105gu obowi\u0105zuje w przedszkolu re\u017cim sanitarny.<br><strong>Do Przedszkola b\u0119d\u0105 przyjmowane tylko dzieci ZDROWE. <\/strong><br>Prosimy &nbsp;o natychmiastow\u0105 informacj\u0119 o niepokoj\u0105cych objawach u dzieci zanim takie og\u0142oszenia umieszcz\u0105 Pa\u0144stwo na stronach grup przedszkolnych. Pozwoli to na wczesn\u0105 interwencj\u0119 z naszej strony oraz unikni\u0119cie paniki w\u015br\u00f3d rodzic\u00f3w.<\/p>\n\n\n\n<p><br>Z wyrazami szacunku i \u017cyczeniami zdrowia<br>Dyrektor Przedszkola nr 7 &#8222;Bursztynowa Si\u00f3demka&#8221; w Gdyni <\/p>\n","protected":false},"excerpt":{"rendered":"<p>Szanowni Pa\u0144stwo!Od dnia 09.11.2020 wznawiamy dzia\u0142alno\u015b\u0107 przedszkola. W dalszym ci\u0105gu obowi\u0105zuje w przedszkolu re\u017cim sanitarny.Do Przedszkola b\u0119d\u0105 przyjmowane tylko dzieci ZDROWE. Prosimy &nbsp;o natychmiastow\u0105 informacj\u0119 o niepokoj\u0105cych objawach u dzieci zanim takie og\u0142oszenia umieszcz\u0105 Pa\u0144stwo na stronach grup przedszkolnych. Pozwoli to na wczesn\u0105 interwencj\u0119 z naszej strony oraz unikni\u0119cie paniki [&hellip;]<\/p>\n","protected":false},"author":1,"featured_media":1378,"comment_status":"closed","ping_status":"closed","sticky":false,"template":"","format":"standard","meta":{"ngg_post_thumbnail":0,"footnotes":""},"categories":[3],"tags":[],"class_list":["post-1799","post","type-post","status-publish","format-standard","has-post-thumbnail","hentry","category-aktualnosci"],"_links":{"self":[{"href":"https:\/\/p7gdynia.pl\/index.php?rest_route=\/wp\/v2\/posts\/1799","targetHints":{"allow":["GET"]}}],"collection":[{"href":"https:\/\/p7gdynia.pl\/index.php?rest_route=\/wp\/v2\/posts"}],"about":[{"href":"https:\/\/p7gdynia.pl\/index.php?rest_route=\/wp\/v2\/types\/post"}],"author":[{"embeddable":true,"href":"https:\/\/p7gdynia.pl\/index.php?rest_route=\/wp\/v2\/users\/1"}],"replies":[{"embeddable":true,"href":"https:\/\/p7gdynia.pl\/index.php?rest_route=%2Fwp%2Fv2%2Fcomments&post=1799"}],"version-history":[{"count":2,"href":"https:\/\/p7gdynia.pl\/index.php?rest_route=\/wp\/v2\/posts\/1799\/revisions"}],"predecessor-version":[{"id":1845,"href":"https:\/\/p7gdynia.pl\/index.php?rest_route=\/wp\/v2\/posts\/1799\/revisions\/1845"}],"wp:featuredmedia":[{"embeddable":true,"href":"https:\/\/p7gdynia.pl\/index.php?rest_route=\/wp\/v2\/media\/1378"}],"wp:attachment":[{"href":"https:\/\/p7gdynia.pl\/index.php?rest_route=%2Fwp%2Fv2%2Fmedia&parent=1799"}],"wp:term":[{"taxonomy":"category","embeddable":true,"href":"https:\/\/p7gdynia.pl\/index.php?rest_route=%2Fwp%2Fv2%2Fcategories&post=1799"},{"taxonomy":"post_tag","embeddable":true,"href":"https:\/\/p7gdynia.pl\/index.php?rest_route=%2Fwp%2Fv2%2Ftags&post=1799"}],"curies":[{"name":"wp","href":"https:\/\/api.w.org\/{rel}","templated":true}]}}