{"id":1934,"date":"2021-03-25T17:17:45","date_gmt":"2021-03-25T16:17:45","guid":{"rendered":"http:\/\/p7.edu.gdynia.pl\/?p=1934"},"modified":"2021-04-19T19:24:56","modified_gmt":"2021-04-19T17:24:56","slug":"informacje-na-temat-zamkniecia-przedszkola-w-dniach-27-03-9-04-2021-r","status":"publish","type":"post","link":"https:\/\/p7gdynia.pl\/?p=1934","title":{"rendered":"Informacje na temat zamkni\u0119cia przedszkola w dniach  27.03-9.04.2021 r."},"content":{"rendered":"\n<p>Szanowni Pa\u0144stwo.<\/p>\n\n\n\n<p>W zwi\u0105zku z decyzj\u0105 Premiera o zamkni\u0119ciu przedszkoli i \u017c\u0142obk\u00f3w informujemy, \u017ce przedszkole b\u0119dzie zamkni\u0119te w dniach <strong>27.03-9.04.2021\u00a0r.<\/strong><br>Przedszkole mo\u017ce zorganizowa\u0107 opiek\u0119, jedynie dla dzieci rodzic\u00f3w bezpo\u015brednio zaanga\u017cowanych w walk\u0119 z pandemi\u0105 (s\u0142u\u017cby medyczne i mundurowe). Rodzice nale\u017c\u0105cy do tych grup zawodowych, mog\u0105 zg\u0142asza\u0107 zapotrzebowanie na opiek\u0119 <strong>do jutra (26.03.) <\/strong><br>Dok\u0142adne wytyczne zostan\u0105 dodane, jak tylko pojawi si\u0119 stosowne rozporz\u0105dzenie. <br>Przesy\u0142am \u017cyczenia zdrowia w tym trudnym okresie.  <br>Joanna Pawlenko, dyrektor Przedszkola nr 7 &#8222;Bursztynowa Si\u00f3demka&#8221;.<\/p>\n","protected":false},"excerpt":{"rendered":"<p>Szanowni Pa\u0144stwo. W zwi\u0105zku z decyzj\u0105 Premiera o zamkni\u0119ciu przedszkoli i \u017c\u0142obk\u00f3w informujemy, \u017ce przedszkole b\u0119dzie zamkni\u0119te w dniach 27.03-9.04.2021\u00a0r.Przedszkole mo\u017ce zorganizowa\u0107 opiek\u0119, jedynie dla dzieci rodzic\u00f3w bezpo\u015brednio zaanga\u017cowanych w walk\u0119 z pandemi\u0105 (s\u0142u\u017cby medyczne i mundurowe). Rodzice nale\u017c\u0105cy do tych grup zawodowych, mog\u0105 zg\u0142asza\u0107 zapotrzebowanie na opiek\u0119 do jutra [&hellip;]<\/p>\n","protected":false},"author":1,"featured_media":1378,"comment_status":"closed","ping_status":"closed","sticky":false,"template":"","format":"standard","meta":{"ngg_post_thumbnail":0,"footnotes":""},"categories":[3],"tags":[],"class_list":["post-1934","post","type-post","status-publish","format-standard","has-post-thumbnail","hentry","category-aktualnosci"],"_links":{"self":[{"href":"https:\/\/p7gdynia.pl\/index.php?rest_route=\/wp\/v2\/posts\/1934","targetHints":{"allow":["GET"]}}],"collection":[{"href":"https:\/\/p7gdynia.pl\/index.php?rest_route=\/wp\/v2\/posts"}],"about":[{"href":"https:\/\/p7gdynia.pl\/index.php?rest_route=\/wp\/v2\/types\/post"}],"author":[{"embeddable":true,"href":"https:\/\/p7gdynia.pl\/index.php?rest_route=\/wp\/v2\/users\/1"}],"replies":[{"embeddable":true,"href":"https:\/\/p7gdynia.pl\/index.php?rest_route=%2Fwp%2Fv2%2Fcomments&post=1934"}],"version-history":[{"count":2,"href":"https:\/\/p7gdynia.pl\/index.php?rest_route=\/wp\/v2\/posts\/1934\/revisions"}],"predecessor-version":[{"id":1959,"href":"https:\/\/p7gdynia.pl\/index.php?rest_route=\/wp\/v2\/posts\/1934\/revisions\/1959"}],"wp:featuredmedia":[{"embeddable":true,"href":"https:\/\/p7gdynia.pl\/index.php?rest_route=\/wp\/v2\/media\/1378"}],"wp:attachment":[{"href":"https:\/\/p7gdynia.pl\/index.php?rest_route=%2Fwp%2Fv2%2Fmedia&parent=1934"}],"wp:term":[{"taxonomy":"category","embeddable":true,"href":"https:\/\/p7gdynia.pl\/index.php?rest_route=%2Fwp%2Fv2%2Fcategories&post=1934"},{"taxonomy":"post_tag","embeddable":true,"href":"https:\/\/p7gdynia.pl\/index.php?rest_route=%2Fwp%2Fv2%2Ftags&post=1934"}],"curies":[{"name":"wp","href":"https:\/\/api.w.org\/{rel}","templated":true}]}}