{"id":1936,"date":"2021-03-30T14:52:05","date_gmt":"2021-03-30T12:52:05","guid":{"rendered":"http:\/\/p7.edu.gdynia.pl\/?p=1936"},"modified":"2021-04-19T19:24:48","modified_gmt":"2021-04-19T17:24:48","slug":"elementor-1936","status":"publish","type":"post","link":"https:\/\/p7gdynia.pl\/?p=1936","title":{"rendered":"ZARZ\u0104DZENIE DYREKTORA W SPRAWIE ORGANIZACJI PRACY"},"content":{"rendered":"\n<p style=\"text-align:right\">Gdynia\n2021.03.26<\/p>\n\n\n\n<p style=\"text-align:center\"><strong>Zarz\u0105dzenie nr 2\/2021&nbsp; Dyrektora<\/strong><\/p>\n\n\n\n<p style=\"text-align:center\"><strong>&nbsp;Przedszkola nr 7 &#8222;Bursztynowa\nSi\u00f3demka&#8221; w Gdyni,<\/strong><\/p>\n\n\n\n<p style=\"text-align:center\"><strong>z dnia 26.03.2021 r. w sprawie trybu i sposobu\nprowadzenia <\/strong><\/p>\n\n\n\n<p style=\"text-align:center\"><strong>zaj\u0119\u0107 w przedszkolu w okresie od 29 marca do 11\nkwietnia 2021r.<\/strong><\/p>\n\n\n\n<p><strong>Podstawa prawna :<\/strong><\/p>\n\n\n\n<p><em>Rozporz\u0105dzenea MINISTRA EDUKACJI I\nNAUKI&nbsp; z dnia 26 marca 2021 r. w sprawie\nczasowego ograniczenia funkcjonowania jednostek systemu o\u015bwiaty w zwi\u0105zku z\nzapobieganiem, przeciwdzia\u0142aniem i zwalczaniem COVID-19 oraz&nbsp;&nbsp; Statutu Przedszkola nr 7.<\/em><\/p>\n\n\n\n<p>Zarz\u0105dza si\u0119, co nast\u0119puje:<\/p>\n\n\n\n<p><strong>\u00a71 <\/strong><\/p>\n\n\n\n<p><strong>Funkcjonowanie przedszkola<\/strong><\/p>\n\n\n\n<ul class=\"wp-block-list\"><li>W zwi\u0105zku z\u00a0 zaostrzeniem zasad zwi\u0105zanych z pandemi\u0105 Covid-19 zarz\u0105dzam cz\u0119\u015bciowe ograniczenie funkcjonowania Przedszkola nr 7 &#8222;Bursztynowa Si\u00f3demka&#8221; , na okres \u00a0od 29 marca\u00a0 do 9 kwietnia\u00a02021 roku.<\/li><li>Przedszkole funkcjonuje w godzinach 6.30 do 16.30.<\/li><li><strong>Opieka nad dzie\u0107mi sprawowana jest przez nauczycieli, w godzinach ustalonych z rodzicami na podstawie sk\u0142adanych wniosk\u00f3w.<\/strong><\/li><li>Jednocze\u015bnie zarz\u0105dzam organizacj\u0119 zaj\u0119\u0107 stacjonarnych w plac\u00f3wce dzieciom rodzic\u00f3w, kt\u00f3rzy:<\/li><\/ul>\n\n\n\n<ul class=\"wp-block-list\"><li>s\u0105\nzatrudnieni w podmiotach wykonuj\u0105cych dzia\u0142alno\u015b\u0107 lecznicz\u0105,<\/li><li>realizuj\u0105\nzadania dotycz\u0105ce koordynacji ratownictwa medycznego,<\/li><li>realizuj\u0105\nzadania publiczne w zwi\u0105zku z zapobieganiem, przeciwdzia\u0142aniem <br>\ni zwalczaniem COVID-19, <\/li><li>pe\u0142ni\u0105\ns\u0142u\u017cb\u0119 w jednostkach zapewniaj\u0105cych bezpiecze\u0144stwo i porz\u0105dek publiczny, <\/li><li>wykonuj\u0105\ndzia\u0142ania ratownicze,<\/li><li>s\u0105\nzatrudnieni w jednostkach organizacyjnych pomocy spo\u0142ecznej w rozumieniu art. 6\npkt 5 ustawy z dnia 12 marca 2004 r. o pomocy spo\u0142ecznej (Dz. U. z 2020 r. poz.\n1876 i 2369), <\/li><li>s\u0105\nzatrudnieni w ogrzewalniach i noclegowniach, o kt\u00f3rych mowa w art. 48a ustawy z\ndnia 12 marca 2004 r. o pomocy spo\u0142ecznej,<\/li><li>s\u0105\nzatrudnieni w plac\u00f3wkach zapewniaj\u0105cych ca\u0142odobow\u0105 opiek\u0119 osobom\nniepe\u0142nosprawnym, przewlekle chorym lub osobom w podesz\u0142ym wieku, <br>\no kt\u00f3rych mowa w art. 67 i art. 69 ustawy z dnia 12 marca 2004 r. o pomocy\nspo\u0142ecznej,<\/li><li>s\u0105\nzatrudnieni w plac\u00f3wkach opieku\u0144czo-wychowawczych, regionalnych plac\u00f3wkach\nopieku\u0144czo-terapeutycznych oraz w interwencyjnych o\u015brodkach preadopcyjnych,<\/li><li>s\u0105\nzatrudnieni w formach opieki nad dzie\u0107mi w wieku do lat 3, <\/li><li>s\u0105\nzatrudnieni w jednostkach o\u015bwiaty, o kt\u00f3rych mowa w art..2 ustawy z dnia 14\ngrudnia 2016 r. &#8211; Prawo o\u015bwiatowe, i realizuj\u0105 zadania na terenie tych\njednostek.<\/li><\/ul>\n\n\n\n<ul class=\"wp-block-list\"><li>Zawieszone zaj\u0119cia realizowane s\u0105 z wykorzystaniem metod i technik kszta\u0142cenia na odleg\u0142o\u015b\u0107, poprzez grupow\u0105 poczt\u0119 internetow\u0105 i platform\u0119 teams.<\/li><li>Zarz\u0105dzam organizacj\u0119 stacjonarnych zaj\u0119\u0107 dydaktyczno &#8211; wychowawczo-opieku\u0144czych zgodnie z miesi\u0119cznymi planami pracy oraz z uwzgl\u0119dnieniem indywidualnych mo\u017cliwo\u015bci wychowank\u00f3w.<\/li><li>Przedszkole pracuje nadal w zaostrzonych warunkach sanitarnych.<\/li><\/ul>\n\n\n\n<p><strong>\u00a72 <\/strong><\/p>\n\n\n\n<p><strong>Zasady przyjmowania wniosk\u00f3w<\/strong><\/p>\n\n\n\n<ul class=\"wp-block-list\"><li>Dyrektor\nprzedszkola<strong> organizuje zaj\u0119cia <\/strong>na\n\u201ewniosek\u201d rodzic\u00f3w wymienionych <br>\nw \u00a7 1.pkt.2, o uczestnictwo dziecka\/dzieci w zaj\u0119ciach stacjonarnych.<\/li><li>Wniosek\ndost\u0119pny jest na stronie <a href=\"https:\/\/p7gdynia.pl\/\">www.p7.edu.gdynia.pl<\/a>. Rodzic o\u015bwiadcza prawdziwo\u015b\u0107 informacji\nw\u0142asnor\u0119cznym podpisem.<\/li><li>Rodzic\nprzesy\u0142a wniosek na poczt\u0119 przedszkola lub dostarcza go osobi\u015bcie do kancelarii\nprzedszkola.<\/li><\/ul>\n\n\n\n<p><em>Zarz\u0105dzenie wchodzi w \u017cycie z dniem og\u0142oszenia,\ntj. 26.03.2020 r.<\/em><\/p>\n\n\n\n<p>Dyrektor Joanna Pawlenko <\/p>\n\n\n<p><a href=\"https:\/\/p7gdynia.pl\/wp-content\/uploads\/Wniosek.docx\" role=\"button\"><br>\n\t\t\t\t\t\tWniosek<br>\n\t\t\t\t\t<\/a><\/p>","protected":false},"excerpt":{"rendered":"<p>Gdynia 2021.03.26 Zarz\u0105dzenie nr 2\/2021&nbsp; Dyrektora &nbsp;Przedszkola nr 7 &#8222;Bursztynowa Si\u00f3demka&#8221; w Gdyni, z dnia 26.03.2021 r. w sprawie trybu i sposobu prowadzenia zaj\u0119\u0107 w przedszkolu w okresie od 29 marca do 11 kwietnia 2021r. Podstawa prawna : Rozporz\u0105dzenea MINISTRA EDUKACJI I NAUKI&nbsp; z dnia 26 marca 2021 r. w [&hellip;]<\/p>\n","protected":false},"author":1,"featured_media":1378,"comment_status":"closed","ping_status":"closed","sticky":false,"template":"","format":"standard","meta":{"ngg_post_thumbnail":0,"footnotes":""},"categories":[3],"tags":[],"class_list":["post-1936","post","type-post","status-publish","format-standard","has-post-thumbnail","hentry","category-aktualnosci"],"_links":{"self":[{"href":"https:\/\/p7gdynia.pl\/index.php?rest_route=\/wp\/v2\/posts\/1936","targetHints":{"allow":["GET"]}}],"collection":[{"href":"https:\/\/p7gdynia.pl\/index.php?rest_route=\/wp\/v2\/posts"}],"about":[{"href":"https:\/\/p7gdynia.pl\/index.php?rest_route=\/wp\/v2\/types\/post"}],"author":[{"embeddable":true,"href":"https:\/\/p7gdynia.pl\/index.php?rest_route=\/wp\/v2\/users\/1"}],"replies":[{"embeddable":true,"href":"https:\/\/p7gdynia.pl\/index.php?rest_route=%2Fwp%2Fv2%2Fcomments&post=1936"}],"version-history":[{"count":6,"href":"https:\/\/p7gdynia.pl\/index.php?rest_route=\/wp\/v2\/posts\/1936\/revisions"}],"predecessor-version":[{"id":1949,"href":"https:\/\/p7gdynia.pl\/index.php?rest_route=\/wp\/v2\/posts\/1936\/revisions\/1949"}],"wp:featuredmedia":[{"embeddable":true,"href":"https:\/\/p7gdynia.pl\/index.php?rest_route=\/wp\/v2\/media\/1378"}],"wp:attachment":[{"href":"https:\/\/p7gdynia.pl\/index.php?rest_route=%2Fwp%2Fv2%2Fmedia&parent=1936"}],"wp:term":[{"taxonomy":"category","embeddable":true,"href":"https:\/\/p7gdynia.pl\/index.php?rest_route=%2Fwp%2Fv2%2Fcategories&post=1936"},{"taxonomy":"post_tag","embeddable":true,"href":"https:\/\/p7gdynia.pl\/index.php?rest_route=%2Fwp%2Fv2%2Ftags&post=1936"}],"curies":[{"name":"wp","href":"https:\/\/api.w.org\/{rel}","templated":true}]}}