{"id":2102,"date":"2021-11-24T21:01:16","date_gmt":"2021-11-24T20:01:16","guid":{"rendered":"http:\/\/p7.edu.gdynia.pl\/?p=2102"},"modified":"2021-11-24T21:01:17","modified_gmt":"2021-11-24T20:01:17","slug":"przerwa-wakacyjna-w-2022-r","status":"publish","type":"post","link":"https:\/\/p7gdynia.pl\/?p=2102","title":{"rendered":"PRZERWA WAKACYJNA W 2022 R."},"content":{"rendered":"\n<p>W <strong>2022<\/strong> roku przerwa wakacyjna przypada w naszym przedszkolu w sierpniu. <\/p>\n\n\n\n<p><strong>Oznacza to, \u017ce przedszkole b\u0119dzie zamkni\u0119te w miesi\u0105cu sierpniu.  <\/strong><\/p>\n","protected":false},"excerpt":{"rendered":"<p>W 2022 roku przerwa wakacyjna przypada w naszym przedszkolu w sierpniu. Oznacza to, \u017ce przedszkole b\u0119dzie zamkni\u0119te w miesi\u0105cu sierpniu.<\/p>\n","protected":false},"author":1,"featured_media":1997,"comment_status":"closed","ping_status":"closed","sticky":true,"template":"","format":"standard","meta":{"ngg_post_thumbnail":0,"footnotes":""},"categories":[3],"tags":[],"class_list":["post-2102","post","type-post","status-publish","format-standard","has-post-thumbnail","hentry","category-aktualnosci"],"_links":{"self":[{"href":"https:\/\/p7gdynia.pl\/index.php?rest_route=\/wp\/v2\/posts\/2102","targetHints":{"allow":["GET"]}}],"collection":[{"href":"https:\/\/p7gdynia.pl\/index.php?rest_route=\/wp\/v2\/posts"}],"about":[{"href":"https:\/\/p7gdynia.pl\/index.php?rest_route=\/wp\/v2\/types\/post"}],"author":[{"embeddable":true,"href":"https:\/\/p7gdynia.pl\/index.php?rest_route=\/wp\/v2\/users\/1"}],"replies":[{"embeddable":true,"href":"https:\/\/p7gdynia.pl\/index.php?rest_route=%2Fwp%2Fv2%2Fcomments&post=2102"}],"version-history":[{"count":1,"href":"https:\/\/p7gdynia.pl\/index.php?rest_route=\/wp\/v2\/posts\/2102\/revisions"}],"predecessor-version":[{"id":2103,"href":"https:\/\/p7gdynia.pl\/index.php?rest_route=\/wp\/v2\/posts\/2102\/revisions\/2103"}],"wp:featuredmedia":[{"embeddable":true,"href":"https:\/\/p7gdynia.pl\/index.php?rest_route=\/wp\/v2\/media\/1997"}],"wp:attachment":[{"href":"https:\/\/p7gdynia.pl\/index.php?rest_route=%2Fwp%2Fv2%2Fmedia&parent=2102"}],"wp:term":[{"taxonomy":"category","embeddable":true,"href":"https:\/\/p7gdynia.pl\/index.php?rest_route=%2Fwp%2Fv2%2Fcategories&post=2102"},{"taxonomy":"post_tag","embeddable":true,"href":"https:\/\/p7gdynia.pl\/index.php?rest_route=%2Fwp%2Fv2%2Ftags&post=2102"}],"curies":[{"name":"wp","href":"https:\/\/api.w.org\/{rel}","templated":true}]}}