{"id":2234,"date":"2022-10-24T19:08:33","date_gmt":"2022-10-24T17:08:33","guid":{"rendered":"http:\/\/p7.edu.gdynia.pl\/?p=2234"},"modified":"2022-10-24T19:08:35","modified_gmt":"2022-10-24T17:08:35","slug":"wielki-plebiscyt-edulacyjny","status":"publish","type":"post","link":"https:\/\/p7gdynia.pl\/?p=2234","title":{"rendered":"Wielki Plebiscyt Edulacyjny"},"content":{"rendered":"\n<p>Szanowni Pa\u0144stwo.<br><br><\/p>\n\n\n\n<p style=\"text-align:center\">Z przyjemno\u015bci\u0105 informujemy, \u017ce nasze przedszkole zosta\u0142o zg\u0142oszone przez rodzic\u00f3w dzieci do nagrody Przedszkole Roku w<br> wielkim Plebiscycie Edukacyjnym, kt\u00f3ry w wojew\u00f3dztwie pomorskim jest prowadzony przez \u201eDziennik Ba\u0142tycki&#8221; i \u201eG\u0142os Pomorza&#8221;.<\/p>\n\n\n\n<p style=\"text-align:center\">Jednocze\u015bnie nominacj\u0119 do nagrody w Plebiscycie otrzyma\u0142a tak\u017ce dyrektor plac\u00f3wki  Pani Joanna Pawlenko.<\/p>\n\n\n\n<p style=\"text-align:center\">Ponadto nominacj\u0119 do tytu\u0142u Nauczyciel Roku otrzyma\u0142a pracuj\u0105ca w<br>naszym przedszkolu nauczycielka: Barbara Grzybkowska.<\/p>\n\n\n\n<p style=\"text-align:center\">G\u0142osowanie w plebiscycie rozpocznie si\u0119 ju\u017c we wtorek, 25 pa\u017adziernika. Wszystkie informacje o akcji mo\u017cna znale\u017a\u0107 w  serwisie internetowym pod adresem: www.dziennikbaltycki.pl\/nauczyciel<\/p>\n\n\n\n<p>Na Pani\u0105 Basi\u0119 b\u0119dzie mo\u017cna g\u0142osowa\u0107 pod adresem:<\/p>\n\n\n\n<p><a href=\"https:\/\/dziennikbaltycki.pl\/p\/kandydaci\/plebiscyt-edukacyjny-2022%2C1014505\/?groupId=128357\">https:\/\/dziennikbaltycki.pl\/p\/kandydaci\/plebiscyt-edukacyjny-2022%2C1014505\/?groupId=128357<\/a><\/p>\n\n\n\n<p>Na Pani\u0105 Dyrektor b\u0119dzie mo\u017cna g\u0142osowa\u0107 pod adresem:<br><br>https:\/\/dziennikbaltycki.pl\/p\/kandydaci\/1014665<\/p>\n\n\n\n<p>Na Nasze Przedszkole b\u0119dzie mo\u017cna g\u0142osowa\u0107 pod adresem:<br><br>https:\/\/dziennikbaltycki.pl\/p\/kandydaci\/plebiscyt-edukacyjny-2022%2C1014697\/?groupId=128517<\/p>\n\n\n\n<p>Serdecznie dzi\u0119kujemy za ka\u017cdy oddany g\u0142os.<\/p>\n\n\n\n<p><\/p>\n\n\n\n<p><\/p>\n\n\n\n<p><\/p>\n\n\n\n<p><br><\/p>\n","protected":false},"excerpt":{"rendered":"<p>Szanowni Pa\u0144stwo. Z przyjemno\u015bci\u0105 informujemy, \u017ce nasze przedszkole zosta\u0142o zg\u0142oszone przez rodzic\u00f3w dzieci do nagrody Przedszkole Roku w wielkim Plebiscycie Edukacyjnym, kt\u00f3ry w wojew\u00f3dztwie pomorskim jest prowadzony przez \u201eDziennik Ba\u0142tycki&#8221; i \u201eG\u0142os Pomorza&#8221;. Jednocze\u015bnie nominacj\u0119 do nagrody w Plebiscycie otrzyma\u0142a tak\u017ce dyrektor plac\u00f3wki Pani Joanna Pawlenko. Ponadto nominacj\u0119 do tytu\u0142u [&hellip;]<\/p>\n","protected":false},"author":1,"featured_media":0,"comment_status":"closed","ping_status":"closed","sticky":true,"template":"","format":"standard","meta":{"ngg_post_thumbnail":0,"footnotes":""},"categories":[3],"tags":[],"class_list":["post-2234","post","type-post","status-publish","format-standard","hentry","category-aktualnosci"],"_links":{"self":[{"href":"https:\/\/p7gdynia.pl\/index.php?rest_route=\/wp\/v2\/posts\/2234","targetHints":{"allow":["GET"]}}],"collection":[{"href":"https:\/\/p7gdynia.pl\/index.php?rest_route=\/wp\/v2\/posts"}],"about":[{"href":"https:\/\/p7gdynia.pl\/index.php?rest_route=\/wp\/v2\/types\/post"}],"author":[{"embeddable":true,"href":"https:\/\/p7gdynia.pl\/index.php?rest_route=\/wp\/v2\/users\/1"}],"replies":[{"embeddable":true,"href":"https:\/\/p7gdynia.pl\/index.php?rest_route=%2Fwp%2Fv2%2Fcomments&post=2234"}],"version-history":[{"count":1,"href":"https:\/\/p7gdynia.pl\/index.php?rest_route=\/wp\/v2\/posts\/2234\/revisions"}],"predecessor-version":[{"id":2235,"href":"https:\/\/p7gdynia.pl\/index.php?rest_route=\/wp\/v2\/posts\/2234\/revisions\/2235"}],"wp:attachment":[{"href":"https:\/\/p7gdynia.pl\/index.php?rest_route=%2Fwp%2Fv2%2Fmedia&parent=2234"}],"wp:term":[{"taxonomy":"category","embeddable":true,"href":"https:\/\/p7gdynia.pl\/index.php?rest_route=%2Fwp%2Fv2%2Fcategories&post=2234"},{"taxonomy":"post_tag","embeddable":true,"href":"https:\/\/p7gdynia.pl\/index.php?rest_route=%2Fwp%2Fv2%2Ftags&post=2234"}],"curies":[{"name":"wp","href":"https:\/\/api.w.org\/{rel}","templated":true}]}}