{"id":409,"date":"2019-03-08T10:32:51","date_gmt":"2019-03-08T09:32:51","guid":{"rendered":"http:\/\/p7.edu.gdynia.pl\/?p=409"},"modified":"2019-03-08T10:34:18","modified_gmt":"2019-03-08T09:34:18","slug":"bal-walentynkowy","status":"publish","type":"post","link":"https:\/\/p7gdynia.pl\/?p=409","title":{"rendered":"Bal Walentynkowy"},"content":{"rendered":"\t\t<div data-elementor-type=\"wp-post\" data-elementor-id=\"409\" class=\"elementor elementor-409 elementor-bc-flex-widget\">\n\t\t\t\t\t\t<section class=\"elementor-section elementor-top-section elementor-element elementor-element-d47047c elementor-section-boxed elementor-section-height-default elementor-section-height-default\" data-id=\"d47047c\" data-element_type=\"section\" data-e-type=\"section\">\n\t\t\t\t\t\t<div class=\"elementor-container elementor-column-gap-default\">\n\t\t\t\t\t<div class=\"elementor-column elementor-col-100 elementor-top-column elementor-element elementor-element-ecc1815\" data-id=\"ecc1815\" data-element_type=\"column\" data-e-type=\"column\">\n\t\t\t<div class=\"elementor-widget-wrap elementor-element-populated\">\n\t\t\t\t\t\t<div class=\"elementor-element elementor-element-e1d787b elementor-widget elementor-widget-image-carousel\" data-id=\"e1d787b\" data-element_type=\"widget\" data-e-type=\"widget\" data-settings=\"{&quot;slides_to_show&quot;:&quot;1&quot;,&quot;navigation&quot;:&quot;none&quot;,&quot;autoplay&quot;:&quot;yes&quot;,&quot;pause_on_hover&quot;:&quot;yes&quot;,&quot;pause_on_interaction&quot;:&quot;yes&quot;,&quot;autoplay_speed&quot;:5000,&quot;infinite&quot;:&quot;yes&quot;,&quot;effect&quot;:&quot;slide&quot;,&quot;speed&quot;:500}\" data-widget_type=\"image-carousel.default\">\n\t\t\t\t<div class=\"elementor-widget-container\">\n\t\t\t\t\t\t\t<div class=\"elementor-image-carousel-wrapper swiper\" role=\"region\" aria-roledescription=\"carousel\" aria-label=\"Karuzela obrazk\u00f3w\" dir=\"ltr\">\n\t\t\t<div class=\"elementor-image-carousel swiper-wrapper\" aria-live=\"off\">\n\t\t\t\t\t\t\t\t<div class=\"swiper-slide\" role=\"group\" aria-roledescription=\"slide\" aria-label=\"1 z 7\"><figure class=\"swiper-slide-inner\"><img decoding=\"async\" class=\"swiper-slide-image\" src=\"https:\/\/p7gdynia.pl\/wp-content\/uploads\/52170504_151562242416486_8921300256713342976_n-300x225.jpg\" alt=\"52170504_151562242416486_8921300256713342976_n\" \/><\/figure><\/div><div class=\"swiper-slide\" role=\"group\" aria-roledescription=\"slide\" aria-label=\"2 z 7\"><figure class=\"swiper-slide-inner\"><img decoding=\"async\" class=\"swiper-slide-image\" src=\"https:\/\/p7gdynia.pl\/wp-content\/uploads\/52440809_2065222937108929_2828354406729121792_n-300x225.jpg\" alt=\"52440809_2065222937108929_2828354406729121792_n\" \/><\/figure><\/div><div class=\"swiper-slide\" role=\"group\" aria-roledescription=\"slide\" aria-label=\"3 z 7\"><figure class=\"swiper-slide-inner\"><img decoding=\"async\" class=\"swiper-slide-image\" src=\"https:\/\/p7gdynia.pl\/wp-content\/uploads\/52486489_1604003226410428_5174416730948108288_n-300x225.jpg\" alt=\"52486489_1604003226410428_5174416730948108288_n\" \/><\/figure><\/div><div class=\"swiper-slide\" role=\"group\" aria-roledescription=\"slide\" aria-label=\"4 z 7\"><figure class=\"swiper-slide-inner\"><img decoding=\"async\" class=\"swiper-slide-image\" src=\"https:\/\/p7gdynia.pl\/wp-content\/uploads\/52550278_687651494970477_5398629507156410368_n-300x225.jpg\" alt=\"52550278_687651494970477_5398629507156410368_n\" \/><\/figure><\/div><div class=\"swiper-slide\" role=\"group\" aria-roledescription=\"slide\" aria-label=\"5 z 7\"><figure class=\"swiper-slide-inner\"><img decoding=\"async\" class=\"swiper-slide-image\" src=\"https:\/\/p7gdynia.pl\/wp-content\/uploads\/52566014_345966426002527_4410841953118191616_n-300x225.jpg\" alt=\"52566014_345966426002527_4410841953118191616_n\" \/><\/figure><\/div><div class=\"swiper-slide\" role=\"group\" aria-roledescription=\"slide\" aria-label=\"6 z 7\"><figure class=\"swiper-slide-inner\"><img decoding=\"async\" class=\"swiper-slide-image\" src=\"https:\/\/p7gdynia.pl\/wp-content\/uploads\/52631626_405352236706379_3169254581012004864_n-300x225.jpg\" alt=\"52631626_405352236706379_3169254581012004864_n\" \/><\/figure><\/div><div class=\"swiper-slide\" role=\"group\" aria-roledescription=\"slide\" aria-label=\"7 z 7\"><figure class=\"swiper-slide-inner\"><img decoding=\"async\" class=\"swiper-slide-image\" src=\"https:\/\/p7gdynia.pl\/wp-content\/uploads\/52676580_1995934067375492_634910236385214464_n-300x225.jpg\" alt=\"52676580_1995934067375492_634910236385214464_n\" \/><\/figure><\/div>\t\t\t<\/div>\n\t\t\t\t\t\t\t\n\t\t\t\t\t\t\t\t\t<\/div>\n\t\t\t\t\t\t<\/div>\n\t\t\t\t<\/div>\n\t\t\t\t\t<\/div>\n\t\t<\/div>\n\t\t\t\t\t<\/div>\n\t\t<\/section>\n\t\t\t\t<section class=\"elementor-section elementor-top-section elementor-element elementor-element-4840707 elementor-section-boxed elementor-section-height-default elementor-section-height-default\" data-id=\"4840707\" data-element_type=\"section\" data-e-type=\"section\">\n\t\t\t\t\t\t<div class=\"elementor-container elementor-column-gap-default\">\n\t\t\t\t\t<div class=\"elementor-column elementor-col-100 elementor-top-column elementor-element elementor-element-bb149ac\" data-id=\"bb149ac\" data-element_type=\"column\" data-e-type=\"column\">\n\t\t\t<div class=\"elementor-widget-wrap elementor-element-populated\">\n\t\t\t\t\t\t<div class=\"elementor-element elementor-element-270d85a elementor-widget elementor-widget-text-editor\" data-id=\"270d85a\" data-element_type=\"widget\" data-e-type=\"widget\" data-widget_type=\"text-editor.default\">\n\t\t\t\t<div class=\"elementor-widget-container\">\n\t\t\t\t\t\t\t\t\t<p>Ju\u017c od kilku lat w naszym przedszkolu \u015bwi\u0119tujemy Walentynki jako Dzie\u0144 Zakochanych, Dzie\u0144 Mi\u0142o\u015bci i Przyja\u017ani. To taki czas, w kt\u00f3rym chcemy podkre\u015bli\u0107, \u017ce tworzymy jedn\u0105 przedszkoln\u0105 spo\u0142eczno\u015b\u0107 &#8222;Bursztynowej Si\u00f3demki&#8221;. St\u0105d coroczny Bal Walentynkowy, kt\u00f3ry tym razem odby\u0142 si\u0119 18 lutego. Obowi\u0105zkowy ubi\u00f3r &#8211; to oczywi\u015bcie czerwony \ud83d\ude42 do tego dobry humor i zabawy oraz ta\u0144ce zorganizowane przez nauczycielki. Oto przepis na integracj\u0119 i dobr\u0105 zabaw\u0119 dla Przedszkolak\u00f3w.<\/p>\t\t\t\t\t\t\t\t<\/div>\n\t\t\t\t<\/div>\n\t\t\t\t\t<\/div>\n\t\t<\/div>\n\t\t\t\t\t<\/div>\n\t\t<\/section>\n\t\t\t\t<\/div>\n\t\t","protected":false},"excerpt":{"rendered":"<p>Ju\u017c od kilku lat w naszym przedszkolu \u015bwi\u0119tujemy Walentynki jako Dzie\u0144 Zakochanych, Dzie\u0144 Mi\u0142o\u015bci i Przyja\u017ani. To taki czas, w kt\u00f3rym chcemy podkre\u015bli\u0107, \u017ce tworzymy jedn\u0105 przedszkoln\u0105 spo\u0142eczno\u015b\u0107 &#8222;Bursztynowej Si\u00f3demki&#8221;. St\u0105d coroczny Bal Walentynkowy, kt\u00f3ry tym razem odby\u0142 si\u0119 18 lutego. Obowi\u0105zkowy ubi\u00f3r &#8211; to oczywi\u015bcie czerwony \ud83d\ude42 do tego [&hellip;]<\/p>\n","protected":false},"author":1,"featured_media":0,"comment_status":"closed","ping_status":"closed","sticky":false,"template":"","format":"standard","meta":{"ngg_post_thumbnail":0,"footnotes":""},"categories":[3],"tags":[],"class_list":["post-409","post","type-post","status-publish","format-standard","hentry","category-aktualnosci"],"_links":{"self":[{"href":"https:\/\/p7gdynia.pl\/index.php?rest_route=\/wp\/v2\/posts\/409","targetHints":{"allow":["GET"]}}],"collection":[{"href":"https:\/\/p7gdynia.pl\/index.php?rest_route=\/wp\/v2\/posts"}],"about":[{"href":"https:\/\/p7gdynia.pl\/index.php?rest_route=\/wp\/v2\/types\/post"}],"author":[{"embeddable":true,"href":"https:\/\/p7gdynia.pl\/index.php?rest_route=\/wp\/v2\/users\/1"}],"replies":[{"embeddable":true,"href":"https:\/\/p7gdynia.pl\/index.php?rest_route=%2Fwp%2Fv2%2Fcomments&post=409"}],"version-history":[{"count":4,"href":"https:\/\/p7gdynia.pl\/index.php?rest_route=\/wp\/v2\/posts\/409\/revisions"}],"predecessor-version":[{"id":439,"href":"https:\/\/p7gdynia.pl\/index.php?rest_route=\/wp\/v2\/posts\/409\/revisions\/439"}],"wp:attachment":[{"href":"https:\/\/p7gdynia.pl\/index.php?rest_route=%2Fwp%2Fv2%2Fmedia&parent=409"}],"wp:term":[{"taxonomy":"category","embeddable":true,"href":"https:\/\/p7gdynia.pl\/index.php?rest_route=%2Fwp%2Fv2%2Fcategories&post=409"},{"taxonomy":"post_tag","embeddable":true,"href":"https:\/\/p7gdynia.pl\/index.php?rest_route=%2Fwp%2Fv2%2Ftags&post=409"}],"curies":[{"name":"wp","href":"https:\/\/api.w.org\/{rel}","templated":true}]}}