{"id":521,"date":"2019-04-08T18:57:02","date_gmt":"2019-04-08T16:57:02","guid":{"rendered":"http:\/\/p7.edu.gdynia.pl\/?p=521"},"modified":"2019-04-23T19:04:55","modified_gmt":"2019-04-23T17:04:55","slug":"nasze-dzieci-w-mediach","status":"publish","type":"post","link":"https:\/\/p7gdynia.pl\/?p=521","title":{"rendered":"Nasze dzieci w mediach"},"content":{"rendered":"\t\t<div data-elementor-type=\"wp-post\" data-elementor-id=\"521\" class=\"elementor elementor-521 elementor-bc-flex-widget\">\n\t\t\t\t\t\t<section class=\"elementor-section elementor-top-section elementor-element elementor-element-875acfb elementor-section-boxed elementor-section-height-default elementor-section-height-default\" data-id=\"875acfb\" data-element_type=\"section\" data-e-type=\"section\">\n\t\t\t\t\t\t<div class=\"elementor-container elementor-column-gap-default\">\n\t\t\t\t\t<div class=\"elementor-column elementor-col-100 elementor-top-column elementor-element elementor-element-f38ace7\" data-id=\"f38ace7\" data-element_type=\"column\" data-e-type=\"column\">\n\t\t\t<div class=\"elementor-widget-wrap elementor-element-populated\">\n\t\t\t\t\t\t<div class=\"elementor-element elementor-element-e91cd53 elementor-widget elementor-widget-image\" data-id=\"e91cd53\" data-element_type=\"widget\" data-e-type=\"widget\" data-widget_type=\"image.default\">\n\t\t\t\t<div class=\"elementor-widget-container\">\n\t\t\t\t\t\t\t\t\t\t\t\t\t\t\t<img fetchpriority=\"high\" decoding=\"async\" width=\"750\" height=\"396\" src=\"https:\/\/p7gdynia.pl\/wp-content\/uploads\/GDYNIA_SAILING_TEAM_i_Gdynia_Na_Fali_-_OSTAECZNE_LOGOTYPY_PENE_wersja_13-page-004-1024x540.jpg\" class=\"attachment-large size-large wp-image-453\" alt=\"\" srcset=\"https:\/\/p7gdynia.pl\/wp-content\/uploads\/GDYNIA_SAILING_TEAM_i_Gdynia_Na_Fali_-_OSTAECZNE_LOGOTYPY_PENE_wersja_13-page-004-1024x540.jpg 1024w, https:\/\/p7gdynia.pl\/wp-content\/uploads\/GDYNIA_SAILING_TEAM_i_Gdynia_Na_Fali_-_OSTAECZNE_LOGOTYPY_PENE_wersja_13-page-004-300x158.jpg 300w, https:\/\/p7gdynia.pl\/wp-content\/uploads\/GDYNIA_SAILING_TEAM_i_Gdynia_Na_Fali_-_OSTAECZNE_LOGOTYPY_PENE_wersja_13-page-004-768x405.jpg 768w\" sizes=\"(max-width: 750px) 100vw, 750px\" \/>\t\t\t\t\t\t\t\t\t\t\t\t\t\t\t<\/div>\n\t\t\t\t<\/div>\n\t\t\t\t\t<\/div>\n\t\t<\/div>\n\t\t\t\t\t<\/div>\n\t\t<\/section>\n\t\t\t\t<section class=\"elementor-section elementor-top-section elementor-element elementor-element-2c5e5c4 elementor-section-boxed elementor-section-height-default elementor-section-height-default\" data-id=\"2c5e5c4\" data-element_type=\"section\" data-e-type=\"section\">\n\t\t\t\t\t\t<div class=\"elementor-container elementor-column-gap-default\">\n\t\t\t\t\t<div class=\"elementor-column elementor-col-100 elementor-top-column elementor-element elementor-element-df9e022\" data-id=\"df9e022\" data-element_type=\"column\" data-e-type=\"column\">\n\t\t\t<div class=\"elementor-widget-wrap elementor-element-populated\">\n\t\t\t\t\t\t<div class=\"elementor-element elementor-element-79ee5c9 elementor-widget elementor-widget-text-editor\" data-id=\"79ee5c9\" data-element_type=\"widget\" data-e-type=\"widget\" data-widget_type=\"text-editor.default\">\n\t\t\t\t<div class=\"elementor-widget-container\">\n\t\t\t\t\t\t\t\t\t<p>W zwi\u0105zku z udzia\u0142em grup naszych Starszak\u00f3w w programie &#8222;Gdynia na fali&#8221; pisa\u0142 o naszych dzieciach portal gdyniasport.pl:\u00a0http:\/\/gdyniasport.pl\/aktualnosci\/gdynia-na-fali-lapie-wiatr-w-zagle\/ .<\/p><p>A w naszej Galerii mog\u0105 ju\u017c Pa\u0144stwo podziwia\u0107 zdj\u0119cia z tego dnia.<\/p>\t\t\t\t\t\t\t\t<\/div>\n\t\t\t\t<\/div>\n\t\t\t\t\t<\/div>\n\t\t<\/div>\n\t\t\t\t\t<\/div>\n\t\t<\/section>\n\t\t\t\t<\/div>\n\t\t","protected":false},"excerpt":{"rendered":"<p>W zwi\u0105zku z udzia\u0142em grup naszych Starszak\u00f3w w programie &#8222;Gdynia na fali&#8221; pisa\u0142 o naszych dzieciach portal gdyniasport.pl:\u00a0http:\/\/gdyniasport.pl\/aktualnosci\/gdynia-na-fali-lapie-wiatr-w-zagle\/ . A w naszej Galerii mog\u0105 ju\u017c Pa\u0144stwo podziwia\u0107 zdj\u0119cia z tego dnia.<\/p>\n","protected":false},"author":1,"featured_media":0,"comment_status":"closed","ping_status":"closed","sticky":false,"template":"","format":"standard","meta":{"ngg_post_thumbnail":0,"footnotes":""},"categories":[7,8,6],"tags":[],"class_list":["post-521","post","type-post","status-publish","format-standard","hentry","category-delfiny-2021","category-foki-2020","category-rekiny-2020"],"_links":{"self":[{"href":"https:\/\/p7gdynia.pl\/index.php?rest_route=\/wp\/v2\/posts\/521","targetHints":{"allow":["GET"]}}],"collection":[{"href":"https:\/\/p7gdynia.pl\/index.php?rest_route=\/wp\/v2\/posts"}],"about":[{"href":"https:\/\/p7gdynia.pl\/index.php?rest_route=\/wp\/v2\/types\/post"}],"author":[{"embeddable":true,"href":"https:\/\/p7gdynia.pl\/index.php?rest_route=\/wp\/v2\/users\/1"}],"replies":[{"embeddable":true,"href":"https:\/\/p7gdynia.pl\/index.php?rest_route=%2Fwp%2Fv2%2Fcomments&post=521"}],"version-history":[{"count":4,"href":"https:\/\/p7gdynia.pl\/index.php?rest_route=\/wp\/v2\/posts\/521\/revisions"}],"predecessor-version":[{"id":613,"href":"https:\/\/p7gdynia.pl\/index.php?rest_route=\/wp\/v2\/posts\/521\/revisions\/613"}],"wp:attachment":[{"href":"https:\/\/p7gdynia.pl\/index.php?rest_route=%2Fwp%2Fv2%2Fmedia&parent=521"}],"wp:term":[{"taxonomy":"category","embeddable":true,"href":"https:\/\/p7gdynia.pl\/index.php?rest_route=%2Fwp%2Fv2%2Fcategories&post=521"},{"taxonomy":"post_tag","embeddable":true,"href":"https:\/\/p7gdynia.pl\/index.php?rest_route=%2Fwp%2Fv2%2Ftags&post=521"}],"curies":[{"name":"wp","href":"https:\/\/api.w.org\/{rel}","templated":true}]}}