{"id":782,"date":"2019-11-12T17:53:43","date_gmt":"2019-11-12T16:53:43","guid":{"rendered":"http:\/\/p7.edu.gdynia.pl\/?p=782"},"modified":"2019-11-12T17:53:44","modified_gmt":"2019-11-12T16:53:44","slug":"dzien-edukacji-narodowej","status":"publish","type":"post","link":"https:\/\/p7gdynia.pl\/?p=782","title":{"rendered":"Dzie\u0144 Edukacji Narodowej"},"content":{"rendered":"\n<p>Dzie\u0144 Edukacji Narodowej, to  nie tylko \u015bwi\u0119to Nauczycieli, ale r\u00f3wnie\u017c wszystkich pracownik\u00f3w plac\u00f3wki oraz dzieci. Z tej okazji 14 pa\u017adziernika odby\u0142a si\u0119 w naszym Przedszkolu uroczysta Akademia. Reprezentacji ka\u017cdej z grup,pod wodz\u0105 nauczycielek grupy &#8222;Delfiny&#8221; &#8211; p. Eweliny i p. Alicji, przedstawili program muzyczno-artystyczny. Spotkanie zako\u0144czy\u0142o si\u0119 wsp\u00f3lnym \u015bpiewaniem piosenki oraz  wr\u0119czeniem przez dzieci kwiat\u00f3w dla wszystkich pracownik\u00f3w Przedszkola. Wywo\u0142a\u0142o to niejedn\u0105 \u0142z\u0119 w oczach.  W salach czeka\u0142 na dzieci s\u0142odki pocz\u0119stunek. \ud83d\ude42 <\/p>\n\n\n\n<figure class=\"wp-block-image\"><img fetchpriority=\"high\" decoding=\"async\" width=\"1024\" height=\"768\" src=\"https:\/\/p7gdynia.pl\/wp-content\/uploads\/ak1-1024x768.jpg\" alt=\"\" class=\"wp-image-783\" srcset=\"https:\/\/p7gdynia.pl\/wp-content\/uploads\/ak1-1024x768.jpg 1024w, https:\/\/p7gdynia.pl\/wp-content\/uploads\/ak1-300x225.jpg 300w, https:\/\/p7gdynia.pl\/wp-content\/uploads\/ak1-768x576.jpg 768w\" sizes=\"(max-width: 1024px) 100vw, 1024px\" \/><\/figure>\n\n\n\n<figure class=\"wp-block-image\"><img decoding=\"async\" width=\"1024\" height=\"768\" src=\"https:\/\/p7gdynia.pl\/wp-content\/uploads\/ak2-1024x768.jpg\" alt=\"\" class=\"wp-image-784\" srcset=\"https:\/\/p7gdynia.pl\/wp-content\/uploads\/ak2-1024x768.jpg 1024w, https:\/\/p7gdynia.pl\/wp-content\/uploads\/ak2-300x225.jpg 300w, https:\/\/p7gdynia.pl\/wp-content\/uploads\/ak2-768x576.jpg 768w\" sizes=\"(max-width: 1024px) 100vw, 1024px\" \/><\/figure>\n\n\n\n<figure class=\"wp-block-image\"><img decoding=\"async\" width=\"1024\" height=\"768\" src=\"https:\/\/p7gdynia.pl\/wp-content\/uploads\/ak3-1024x768.jpg\" alt=\"\" class=\"wp-image-785\" srcset=\"https:\/\/p7gdynia.pl\/wp-content\/uploads\/ak3-1024x768.jpg 1024w, https:\/\/p7gdynia.pl\/wp-content\/uploads\/ak3-300x225.jpg 300w, https:\/\/p7gdynia.pl\/wp-content\/uploads\/ak3-768x576.jpg 768w\" sizes=\"(max-width: 1024px) 100vw, 1024px\" \/><\/figure>\n\n\n\n<figure class=\"wp-block-image\"><img loading=\"lazy\" decoding=\"async\" width=\"1024\" height=\"768\" src=\"https:\/\/p7gdynia.pl\/wp-content\/uploads\/ak4-Kopia-1024x768.jpg\" alt=\"\" class=\"wp-image-786\" srcset=\"https:\/\/p7gdynia.pl\/wp-content\/uploads\/ak4-Kopia-1024x768.jpg 1024w, https:\/\/p7gdynia.pl\/wp-content\/uploads\/ak4-Kopia-300x225.jpg 300w, https:\/\/p7gdynia.pl\/wp-content\/uploads\/ak4-Kopia-768x576.jpg 768w\" sizes=\"(max-width: 1024px) 100vw, 1024px\" \/><\/figure>\n","protected":false},"excerpt":{"rendered":"<p>Dzie\u0144 Edukacji Narodowej, to nie tylko \u015bwi\u0119to Nauczycieli, ale r\u00f3wnie\u017c wszystkich pracownik\u00f3w plac\u00f3wki oraz dzieci. Z tej okazji 14 pa\u017adziernika odby\u0142a si\u0119 w naszym Przedszkolu uroczysta Akademia. Reprezentacji ka\u017cdej z grup,pod wodz\u0105 nauczycielek grupy &#8222;Delfiny&#8221; &#8211; p. Eweliny i p. Alicji, przedstawili program muzyczno-artystyczny. Spotkanie zako\u0144czy\u0142o si\u0119 wsp\u00f3lnym \u015bpiewaniem piosenki [&hellip;]<\/p>\n","protected":false},"author":1,"featured_media":0,"comment_status":"closed","ping_status":"closed","sticky":false,"template":"","format":"standard","meta":{"ngg_post_thumbnail":0,"footnotes":""},"categories":[3],"tags":[],"class_list":["post-782","post","type-post","status-publish","format-standard","hentry","category-aktualnosci"],"_links":{"self":[{"href":"https:\/\/p7gdynia.pl\/index.php?rest_route=\/wp\/v2\/posts\/782","targetHints":{"allow":["GET"]}}],"collection":[{"href":"https:\/\/p7gdynia.pl\/index.php?rest_route=\/wp\/v2\/posts"}],"about":[{"href":"https:\/\/p7gdynia.pl\/index.php?rest_route=\/wp\/v2\/types\/post"}],"author":[{"embeddable":true,"href":"https:\/\/p7gdynia.pl\/index.php?rest_route=\/wp\/v2\/users\/1"}],"replies":[{"embeddable":true,"href":"https:\/\/p7gdynia.pl\/index.php?rest_route=%2Fwp%2Fv2%2Fcomments&post=782"}],"version-history":[{"count":1,"href":"https:\/\/p7gdynia.pl\/index.php?rest_route=\/wp\/v2\/posts\/782\/revisions"}],"predecessor-version":[{"id":787,"href":"https:\/\/p7gdynia.pl\/index.php?rest_route=\/wp\/v2\/posts\/782\/revisions\/787"}],"wp:attachment":[{"href":"https:\/\/p7gdynia.pl\/index.php?rest_route=%2Fwp%2Fv2%2Fmedia&parent=782"}],"wp:term":[{"taxonomy":"category","embeddable":true,"href":"https:\/\/p7gdynia.pl\/index.php?rest_route=%2Fwp%2Fv2%2Fcategories&post=782"},{"taxonomy":"post_tag","embeddable":true,"href":"https:\/\/p7gdynia.pl\/index.php?rest_route=%2Fwp%2Fv2%2Ftags&post=782"}],"curies":[{"name":"wp","href":"https:\/\/api.w.org\/{rel}","templated":true}]}}