{"id":788,"date":"2019-11-12T20:38:08","date_gmt":"2019-11-12T19:38:08","guid":{"rendered":"http:\/\/p7.edu.gdynia.pl\/?p=788"},"modified":"2019-11-12T20:38:09","modified_gmt":"2019-11-12T19:38:09","slug":"pazdziernik-w-grupie-fok","status":"publish","type":"post","link":"https:\/\/p7gdynia.pl\/?p=788","title":{"rendered":"Pa\u017adziernik w grupie Fok"},"content":{"rendered":"\n<p>\u00a0\u00a0\u00a0\u00a0\u00a0\u00a0\u00a0\u00a0\u00a0\u00a0\u00a0 Pa\u017adziernik min\u0105\u0142 w najstarszej grupie r\u00f3wnie pracowicie, jak wrzesie\u0144. W ramach zaj\u0119\u0107 dydaktycznych realizowali\u015bmy nast\u0119puj\u0105ce tematy tygodniowe:<em> Idzie jesie\u0144&#8230; przez ogr\u00f3d i sad<\/em>; <em>Idzie jesie\u0144&#8230; do zwierz\u0105t<\/em>; <em>Co z czego otrzymujemy<\/em>; <em>Idzie jesie\u0144&#8230; z deszczem<\/em>; <em>Nasz region-Kaszuby.\u00a0<\/em><\/p>\n\n\n\n<p><em>\u00a0\u00a0\u00a0\u00a0\u00a0\u00a0\u00a0\u00a0\u00a0\u00a0\u00a0 <\/em>Poza zaj\u0119ciami w przedszkolu miniony miesi\u0105c przyni\u00f3s\u0142 kilka atrakcji. 14 pa\u017adziernika obchodzili\u015bmy Dzie\u0144 Edukacji Narodowej. Na uroczystej Akademii wyst\u0119powa\u0142a reprezentacja naszej grupy: Rysio, Jurek, Wojtek, Liliana i Hania. <\/p>\n\n\n\n<figure class=\"wp-block-image\"><img fetchpriority=\"high\" decoding=\"async\" width=\"768\" height=\"1024\" src=\"https:\/\/p7gdynia.pl\/wp-content\/uploads\/f1-768x1024.jpg\" alt=\"\" class=\"wp-image-789\" srcset=\"https:\/\/p7gdynia.pl\/wp-content\/uploads\/f1-768x1024.jpg 768w, https:\/\/p7gdynia.pl\/wp-content\/uploads\/f1-225x300.jpg 225w\" sizes=\"(max-width: 768px) 100vw, 768px\" \/><figcaption>Rysiu oczarowa\u0142 swoje Panie \ud83d\ude42<\/figcaption><\/figure>\n\n\n\n<figure class=\"wp-block-image\"><img decoding=\"async\" width=\"1024\" height=\"768\" src=\"https:\/\/p7gdynia.pl\/wp-content\/uploads\/ak3-1-1024x768.jpg\" alt=\"\" class=\"wp-image-790\" srcset=\"https:\/\/p7gdynia.pl\/wp-content\/uploads\/ak3-1-1024x768.jpg 1024w, https:\/\/p7gdynia.pl\/wp-content\/uploads\/ak3-1-300x225.jpg 300w, https:\/\/p7gdynia.pl\/wp-content\/uploads\/ak3-1-768x576.jpg 768w\" sizes=\"(max-width: 1024px) 100vw, 1024px\" \/><\/figure>\n\n\n\n<p>Dzie\u0144 p\u00f3\u017aniej wraz z Rekinami wybrali\u015bmy si\u0119 na wycieczk\u0119 do \u0141apalic. Tam te\u017c poznawali\u015bmy zwyczaje i kultur\u0119 naszego regionu &#8211; Kaszub. Pogoda nam dopisa\u0142a, co zaowocowa\u0142o udan\u0105 zabaw\u0105. \ud83d\ude42<\/p>\n\n\n\n<figure class=\"wp-block-image\"><img decoding=\"async\" width=\"1024\" height=\"768\" src=\"https:\/\/p7gdynia.pl\/wp-content\/uploads\/P1020492-1024x768.jpg\" alt=\"\" class=\"wp-image-791\" srcset=\"https:\/\/p7gdynia.pl\/wp-content\/uploads\/P1020492-1024x768.jpg 1024w, https:\/\/p7gdynia.pl\/wp-content\/uploads\/P1020492-300x225.jpg 300w, https:\/\/p7gdynia.pl\/wp-content\/uploads\/P1020492-768x576.jpg 768w\" sizes=\"(max-width: 1024px) 100vw, 1024px\" \/><\/figure>\n\n\n\n<figure class=\"wp-block-image\"><img loading=\"lazy\" decoding=\"async\" width=\"1024\" height=\"768\" src=\"https:\/\/p7gdynia.pl\/wp-content\/uploads\/f2-1024x768.jpg\" alt=\"\" class=\"wp-image-792\" srcset=\"https:\/\/p7gdynia.pl\/wp-content\/uploads\/f2-1024x768.jpg 1024w, https:\/\/p7gdynia.pl\/wp-content\/uploads\/f2-300x225.jpg 300w, https:\/\/p7gdynia.pl\/wp-content\/uploads\/f2-768x576.jpg 768w\" sizes=\"(max-width: 1024px) 100vw, 1024px\" \/><\/figure>\n\n\n\n<figure class=\"wp-block-image\"><img loading=\"lazy\" decoding=\"async\" width=\"1024\" height=\"768\" src=\"https:\/\/p7gdynia.pl\/wp-content\/uploads\/P1020524-1024x768.jpg\" alt=\"\" class=\"wp-image-793\" srcset=\"https:\/\/p7gdynia.pl\/wp-content\/uploads\/P1020524-1024x768.jpg 1024w, https:\/\/p7gdynia.pl\/wp-content\/uploads\/P1020524-300x225.jpg 300w, https:\/\/p7gdynia.pl\/wp-content\/uploads\/P1020524-768x576.jpg 768w\" sizes=\"(max-width: 1024px) 100vw, 1024px\" \/><figcaption>Przejazd wozem drabiniastym<\/figcaption><\/figure>\n\n\n\n<figure class=\"wp-block-image\"><img loading=\"lazy\" decoding=\"async\" width=\"1024\" height=\"768\" src=\"https:\/\/p7gdynia.pl\/wp-content\/uploads\/P1020556-1024x768.jpg\" alt=\"\" class=\"wp-image-794\" srcset=\"https:\/\/p7gdynia.pl\/wp-content\/uploads\/P1020556-1024x768.jpg 1024w, https:\/\/p7gdynia.pl\/wp-content\/uploads\/P1020556-300x225.jpg 300w, https:\/\/p7gdynia.pl\/wp-content\/uploads\/P1020556-768x576.jpg 768w\" sizes=\"(max-width: 1024px) 100vw, 1024px\" \/><\/figure>\n\n\n\n<figure class=\"wp-block-image\"><img loading=\"lazy\" decoding=\"async\" width=\"1024\" height=\"768\" src=\"https:\/\/p7gdynia.pl\/wp-content\/uploads\/P1020593-1024x768.jpg\" alt=\"\" class=\"wp-image-795\" srcset=\"https:\/\/p7gdynia.pl\/wp-content\/uploads\/P1020593-1024x768.jpg 1024w, https:\/\/p7gdynia.pl\/wp-content\/uploads\/P1020593-300x225.jpg 300w, https:\/\/p7gdynia.pl\/wp-content\/uploads\/P1020593-768x576.jpg 768w\" sizes=\"(max-width: 1024px) 100vw, 1024px\" \/><\/figure>\n\n\n\n<p>Po wycieczce rozmawiali\u015bmy o kulturze kaszubskiej oraz wsp\u00f3lnie stworzyli\u015bmy k\u0105cik kaszubski w sali. Nasz\u0105 nauk\u0119 zako\u0144czyli\u015bmy kr\u00f3tkimi pokazowymi zaj\u0119ciami, dla grupy Rekin\u00f3w i Delfin\u00f3w. Pod czujnym okiem pani Lilii, dzieci przedstawi\u0142y, w formie teatru, histori\u0119 powstania Kaszub, za\u015bpiewa\u0142y alfabet kaszubski oraz oprowadzi\u0142y go\u015bci po sali ustrojonej w kaszubskie motywy. <\/p>\n\n\n\n<ul class=\"wp-block-gallery columns-3 is-cropped wp-block-gallery-1 is-layout-flex wp-block-gallery-is-layout-flex\"><li class=\"blocks-gallery-item\"><figure><img loading=\"lazy\" decoding=\"async\" width=\"1024\" height=\"576\" src=\"https:\/\/p7gdynia.pl\/wp-content\/uploads\/20191018_090336-1024x576.jpg\" alt=\"\" data-id=\"796\" data-link=\"https:\/\/p7gdynia.pl\/?attachment_id=796\" class=\"wp-image-796\" srcset=\"https:\/\/p7gdynia.pl\/wp-content\/uploads\/20191018_090336-1024x576.jpg 1024w, https:\/\/p7gdynia.pl\/wp-content\/uploads\/20191018_090336-300x169.jpg 300w, https:\/\/p7gdynia.pl\/wp-content\/uploads\/20191018_090336-768x432.jpg 768w\" sizes=\"(max-width: 1024px) 100vw, 1024px\" \/><\/figure><\/li><li class=\"blocks-gallery-item\"><figure><img loading=\"lazy\" decoding=\"async\" width=\"1024\" height=\"576\" src=\"https:\/\/p7gdynia.pl\/wp-content\/uploads\/20191018_090342-1024x576.jpg\" alt=\"\" data-id=\"797\" data-link=\"https:\/\/p7gdynia.pl\/?attachment_id=797\" class=\"wp-image-797\" srcset=\"https:\/\/p7gdynia.pl\/wp-content\/uploads\/20191018_090342-1024x576.jpg 1024w, https:\/\/p7gdynia.pl\/wp-content\/uploads\/20191018_090342-300x169.jpg 300w, https:\/\/p7gdynia.pl\/wp-content\/uploads\/20191018_090342-768x432.jpg 768w\" sizes=\"(max-width: 1024px) 100vw, 1024px\" \/><\/figure><\/li><li class=\"blocks-gallery-item\"><figure><img loading=\"lazy\" decoding=\"async\" width=\"1024\" height=\"576\" src=\"https:\/\/p7gdynia.pl\/wp-content\/uploads\/20191018_090804-1024x576.jpg\" alt=\"\" data-id=\"798\" data-link=\"https:\/\/p7gdynia.pl\/?attachment_id=798\" class=\"wp-image-798\" srcset=\"https:\/\/p7gdynia.pl\/wp-content\/uploads\/20191018_090804-1024x576.jpg 1024w, https:\/\/p7gdynia.pl\/wp-content\/uploads\/20191018_090804-300x169.jpg 300w, https:\/\/p7gdynia.pl\/wp-content\/uploads\/20191018_090804-768x432.jpg 768w\" sizes=\"(max-width: 1024px) 100vw, 1024px\" \/><\/figure><\/li><li class=\"blocks-gallery-item\"><figure><img loading=\"lazy\" decoding=\"async\" width=\"1024\" height=\"576\" src=\"https:\/\/p7gdynia.pl\/wp-content\/uploads\/20191018_090911-1024x576.jpg\" alt=\"\" data-id=\"799\" data-link=\"https:\/\/p7gdynia.pl\/?attachment_id=799\" class=\"wp-image-799\" srcset=\"https:\/\/p7gdynia.pl\/wp-content\/uploads\/20191018_090911-1024x576.jpg 1024w, https:\/\/p7gdynia.pl\/wp-content\/uploads\/20191018_090911-300x169.jpg 300w, https:\/\/p7gdynia.pl\/wp-content\/uploads\/20191018_090911-768x432.jpg 768w\" sizes=\"(max-width: 1024px) 100vw, 1024px\" \/><\/figure><\/li><\/ul>\n\n\n\n<p>W pa\u017adzierniku Foki mia\u0142y zaj\u0119cia ze Stra\u017c\u0105 Miejsk\u0105. Funkcjonariusze uczyli dzieci, jak bezpiecznie porusza\u0107 si\u0119 po drodze.\u00a0 Odby\u0142y si\u0119 tak\u017ce \u0107wiczenia praktyczne. <\/p>\n\n\n\n<ul class=\"wp-block-gallery columns-3 is-cropped wp-block-gallery-2 is-layout-flex wp-block-gallery-is-layout-flex\"><li class=\"blocks-gallery-item\"><figure><img loading=\"lazy\" decoding=\"async\" width=\"1024\" height=\"576\" src=\"https:\/\/p7gdynia.pl\/wp-content\/uploads\/20191011_123914-1024x576.jpg\" alt=\"\" data-id=\"800\" data-link=\"https:\/\/p7gdynia.pl\/?attachment_id=800\" class=\"wp-image-800\" srcset=\"https:\/\/p7gdynia.pl\/wp-content\/uploads\/20191011_123914-1024x576.jpg 1024w, https:\/\/p7gdynia.pl\/wp-content\/uploads\/20191011_123914-300x169.jpg 300w, https:\/\/p7gdynia.pl\/wp-content\/uploads\/20191011_123914-768x432.jpg 768w\" sizes=\"(max-width: 1024px) 100vw, 1024px\" \/><\/figure><\/li><li class=\"blocks-gallery-item\"><figure><img loading=\"lazy\" decoding=\"async\" width=\"1024\" height=\"576\" src=\"https:\/\/p7gdynia.pl\/wp-content\/uploads\/f3--1024x576.jpg\" alt=\"\" data-id=\"801\" data-link=\"https:\/\/p7gdynia.pl\/?attachment_id=801\" class=\"wp-image-801\" srcset=\"https:\/\/p7gdynia.pl\/wp-content\/uploads\/f3--1024x576.jpg 1024w, https:\/\/p7gdynia.pl\/wp-content\/uploads\/f3--300x169.jpg 300w, https:\/\/p7gdynia.pl\/wp-content\/uploads\/f3--768x432.jpg 768w\" sizes=\"(max-width: 1024px) 100vw, 1024px\" \/><\/figure><\/li><li class=\"blocks-gallery-item\"><figure><img loading=\"lazy\" decoding=\"async\" width=\"1024\" height=\"576\" src=\"https:\/\/p7gdynia.pl\/wp-content\/uploads\/f4-1024x576.jpg\" alt=\"\" data-id=\"802\" data-link=\"https:\/\/p7gdynia.pl\/?attachment_id=802\" class=\"wp-image-802\" srcset=\"https:\/\/p7gdynia.pl\/wp-content\/uploads\/f4-1024x576.jpg 1024w, https:\/\/p7gdynia.pl\/wp-content\/uploads\/f4-300x169.jpg 300w, https:\/\/p7gdynia.pl\/wp-content\/uploads\/f4-768x432.jpg 768w\" sizes=\"(max-width: 1024px) 100vw, 1024px\" \/><\/figure><\/li><\/ul>\n\n\n\n<p>W minionym miesi\u0105cu \u015bwi\u0119towali\u015bmy tak\u017ce 6 urodziny Hani. Zaprosi\u0142a ona ca\u0142\u0105 grup\u0119 do kina na film &#8222;Rodzina Adams\u00f3w&#8221;. Po seansie zjedli\u015bmy w sali tort, za\u015bpiewali\u015bmy jubilatce sto lat i wr\u0119czyli\u015bmy prezenty. \u00a0<\/p>\n\n\n\n<ul class=\"wp-block-gallery columns-2 is-cropped wp-block-gallery-3 is-layout-flex wp-block-gallery-is-layout-flex\"><li class=\"blocks-gallery-item\"><figure><img loading=\"lazy\" decoding=\"async\" width=\"1024\" height=\"576\" src=\"https:\/\/p7gdynia.pl\/wp-content\/uploads\/20191030_120724-1024x576.jpg\" alt=\"\" data-id=\"803\" data-link=\"https:\/\/p7gdynia.pl\/?attachment_id=803\" class=\"wp-image-803\" srcset=\"https:\/\/p7gdynia.pl\/wp-content\/uploads\/20191030_120724-1024x576.jpg 1024w, https:\/\/p7gdynia.pl\/wp-content\/uploads\/20191030_120724-300x169.jpg 300w, https:\/\/p7gdynia.pl\/wp-content\/uploads\/20191030_120724-768x432.jpg 768w\" sizes=\"(max-width: 1024px) 100vw, 1024px\" \/><\/figure><\/li><li class=\"blocks-gallery-item\"><figure><img loading=\"lazy\" decoding=\"async\" width=\"1024\" height=\"576\" src=\"https:\/\/p7gdynia.pl\/wp-content\/uploads\/20191030_121301-1024x576.jpg\" alt=\"\" data-id=\"804\" data-link=\"https:\/\/p7gdynia.pl\/?attachment_id=804\" class=\"wp-image-804\" srcset=\"https:\/\/p7gdynia.pl\/wp-content\/uploads\/20191030_121301-1024x576.jpg 1024w, https:\/\/p7gdynia.pl\/wp-content\/uploads\/20191030_121301-300x169.jpg 300w, https:\/\/p7gdynia.pl\/wp-content\/uploads\/20191030_121301-768x432.jpg 768w\" sizes=\"(max-width: 1024px) 100vw, 1024px\" \/><\/figure><\/li><\/ul>\n","protected":false},"excerpt":{"rendered":"<p>\u00a0\u00a0\u00a0\u00a0\u00a0\u00a0\u00a0\u00a0\u00a0\u00a0\u00a0 Pa\u017adziernik min\u0105\u0142 w najstarszej grupie r\u00f3wnie pracowicie, jak wrzesie\u0144. W ramach zaj\u0119\u0107 dydaktycznych realizowali\u015bmy nast\u0119puj\u0105ce tematy tygodniowe: Idzie jesie\u0144&#8230; przez ogr\u00f3d i sad; Idzie jesie\u0144&#8230; do zwierz\u0105t; Co z czego otrzymujemy; Idzie jesie\u0144&#8230; z deszczem; Nasz region-Kaszuby.\u00a0 \u00a0\u00a0\u00a0\u00a0\u00a0\u00a0\u00a0\u00a0\u00a0\u00a0\u00a0 Poza zaj\u0119ciami w przedszkolu miniony miesi\u0105c przyni\u00f3s\u0142 kilka atrakcji. 14 pa\u017adziernika [&hellip;]<\/p>\n","protected":false},"author":1,"featured_media":0,"comment_status":"closed","ping_status":"closed","sticky":false,"template":"","format":"standard","meta":{"ngg_post_thumbnail":0,"footnotes":""},"categories":[8],"tags":[],"class_list":["post-788","post","type-post","status-publish","format-standard","hentry","category-foki-2020"],"_links":{"self":[{"href":"https:\/\/p7gdynia.pl\/index.php?rest_route=\/wp\/v2\/posts\/788","targetHints":{"allow":["GET"]}}],"collection":[{"href":"https:\/\/p7gdynia.pl\/index.php?rest_route=\/wp\/v2\/posts"}],"about":[{"href":"https:\/\/p7gdynia.pl\/index.php?rest_route=\/wp\/v2\/types\/post"}],"author":[{"embeddable":true,"href":"https:\/\/p7gdynia.pl\/index.php?rest_route=\/wp\/v2\/users\/1"}],"replies":[{"embeddable":true,"href":"https:\/\/p7gdynia.pl\/index.php?rest_route=%2Fwp%2Fv2%2Fcomments&post=788"}],"version-history":[{"count":1,"href":"https:\/\/p7gdynia.pl\/index.php?rest_route=\/wp\/v2\/posts\/788\/revisions"}],"predecessor-version":[{"id":805,"href":"https:\/\/p7gdynia.pl\/index.php?rest_route=\/wp\/v2\/posts\/788\/revisions\/805"}],"wp:attachment":[{"href":"https:\/\/p7gdynia.pl\/index.php?rest_route=%2Fwp%2Fv2%2Fmedia&parent=788"}],"wp:term":[{"taxonomy":"category","embeddable":true,"href":"https:\/\/p7gdynia.pl\/index.php?rest_route=%2Fwp%2Fv2%2Fcategories&post=788"},{"taxonomy":"post_tag","embeddable":true,"href":"https:\/\/p7gdynia.pl\/index.php?rest_route=%2Fwp%2Fv2%2Ftags&post=788"}],"curies":[{"name":"wp","href":"https:\/\/api.w.org\/{rel}","templated":true}]}}